{"id":56,"date":"2023-11-22T12:55:54","date_gmt":"2023-11-22T12:55:54","guid":{"rendered":"https:\/\/www.estruturasalmeida.com.br\/blog\/?p=56"},"modified":"2025-12-17T13:27:37","modified_gmt":"2025-12-17T13:27:37","slug":"mezanino-personalizado-maximizando-espacos-com-estilo-e-eficiencia","status":"publish","type":"post","link":"https:\/\/www.estruturasalmeida.com.br\/blog\/mezaninos\/mezanino-personalizado-maximizando-espacos-com-estilo-e-eficiencia\/","title":{"rendered":"Mezanino personalizado: maximizando espa\u00e7os com estilo e efici\u00eancia"},"content":{"rendered":"<span class=\"rt-reading-time\" style=\"display: block;\"><span class=\"rt-label rt-prefix\">Tempo de leitura<\/span> <span class=\"rt-time\">3<\/span> <span class=\"rt-label rt-postfix\">minutos<\/span><\/span>\n<p class=\"has-medium-font-size wp-block-paragraph\"><strong><em>Transforme uma \u00e1rea inutilizada com mezanino personalizado. Explore designs, materiais e vantagens para o seu ambiente. Acesse e veja como otimizar seu espa\u00e7o!<\/em><\/strong><\/p>\n\n\n\n<p class=\"wp-block-paragraph\">No mundo atual, onde o aproveitamento inteligente do espa\u00e7o \u00e9 essencial, os mezaninos personalizados surgem como uma solu\u00e7\u00e3o inovadora e estilosa.<\/p>\n\n\n\n<p class=\"wp-block-paragraph\">N\u00e3o apenas maximizam a \u00e1rea \u00fatil, mas tamb\u00e9m adicionam um elemento de design \u00fanico a qualquer ambiente.<\/p>\n\n\n\n<p class=\"wp-block-paragraph\">Neste artigo, exploraremos as m\u00faltiplas vantagens de optar por um mezanino personalizado e por que a Estruturas Almeidas se destaca como a escolha ideal para essa demanda.<\/p>\n\n\n\n<p class=\"wp-block-paragraph\">Com a crescente necessidade de otimiza\u00e7\u00e3o de espa\u00e7os, seja em ambientes residenciais ou comerciais, os mezaninos personalizados oferecem uma alternativa pr\u00e1tica e elegante.<\/p>\n\n\n\n<p class=\"wp-block-paragraph\">Essas estruturas n\u00e3o s\u00f3 proporcionam uma \u00e1rea extra, mas tamb\u00e9m s\u00e3o adaptadas \u00e0s necessidades espec\u00edficas de cada cliente, refletindo seu estilo pessoal e as exig\u00eancias do local.<\/p>\n\n\n\n<ul class=\"wp-block-list\">\n<li><a href=\"https:\/\/www.estruturasalmeida.com.br\/blog\/mezaninos\/fabricante-de-mezaninos-em-sao-paulo\/\">Fabricante de mezaninos em S\u00e3o Paulo<\/a><\/li>\n<\/ul>\n\n\n\n<div id=\"ez-toc-container\" class=\"ez-toc-v2_0_62 counter-hierarchy ez-toc-counter ez-toc-grey ez-toc-container-direction\">\n<div class=\"ez-toc-title-container\">\n<p class=\"ez-toc-title \" >Table of Contents<\/p>\n<span class=\"ez-toc-title-toggle\"><a href=\"#\" class=\"ez-toc-pull-right ez-toc-btn ez-toc-btn-xs ez-toc-btn-default ez-toc-toggle\" aria-label=\"Toggle Table of Content\"><span class=\"ez-toc-js-icon-con\"><span class=\"\"><span class=\"eztoc-hide\" style=\"display:none;\">Toggle<\/span><span class=\"ez-toc-icon-toggle-span\"><svg style=\"fill: #999;color:#999\" xmlns=\"http:\/\/www.w3.org\/2000\/svg\" class=\"list-377408\" width=\"20px\" height=\"20px\" viewBox=\"0 0 24 24\" fill=\"none\"><path d=\"M6 6H4v2h2V6zm14 0H8v2h12V6zM4 11h2v2H4v-2zm16 0H8v2h12v-2zM4 16h2v2H4v-2zm16 0H8v2h12v-2z\" fill=\"currentColor\"><\/path><\/svg><svg style=\"fill: #999;color:#999\" class=\"arrow-unsorted-368013\" xmlns=\"http:\/\/www.w3.org\/2000\/svg\" width=\"10px\" height=\"10px\" viewBox=\"0 0 24 24\" version=\"1.2\" baseProfile=\"tiny\"><path d=\"M18.2 9.3l-6.2-6.3-6.2 6.3c-.2.2-.3.4-.3.7s.1.5.3.7c.2.2.4.3.7.3h11c.3 0 .5-.1.7-.3.2-.2.3-.5.3-.7s-.1-.5-.3-.7zM5.8 14.7l6.2 6.3 6.2-6.3c.2-.2.3-.5.3-.7s-.1-.5-.3-.7c-.2-.2-.4-.3-.7-.3h-11c-.3 0-.5.1-.7.3-.2.2-.3.5-.3.7s.1.5.3.7z\"\/><\/svg><\/span><\/span><\/span><\/a><\/span><\/div>\n<nav><ul class='ez-toc-list ez-toc-list-level-1 ' ><li class='ez-toc-page-1 ez-toc-heading-level-2'><a class=\"ez-toc-link ez-toc-heading-1\" href=\"https:\/\/www.estruturasalmeida.com.br\/blog\/mezaninos\/mezanino-personalizado-maximizando-espacos-com-estilo-e-eficiencia\/#Vantagens_de_mezaninos_personalizados\" title=\"Vantagens de mezaninos personalizados\">Vantagens de mezaninos personalizados<\/a><\/li><li class='ez-toc-page-1 ez-toc-heading-level-2'><a class=\"ez-toc-link ez-toc-heading-2\" href=\"https:\/\/www.estruturasalmeida.com.br\/blog\/mezaninos\/mezanino-personalizado-maximizando-espacos-com-estilo-e-eficiencia\/#Conheca_as_principais_aplicacoes_dos_mezaninos_personalizados\" title=\"Conhe\u00e7a as principais aplica\u00e7\u00f5es dos mezaninos personalizados\">Conhe\u00e7a as principais aplica\u00e7\u00f5es dos mezaninos personalizados<\/a><\/li><li class='ez-toc-page-1 ez-toc-heading-level-2'><a class=\"ez-toc-link ez-toc-heading-3\" href=\"https:\/\/www.estruturasalmeida.com.br\/blog\/mezaninos\/mezanino-personalizado-maximizando-espacos-com-estilo-e-eficiencia\/#Fabricante_de_mezanino_personalizado_em_Sao_Paulo\" title=\"Fabricante de mezanino personalizado em S\u00e3o Paulo\">Fabricante de mezanino personalizado em S\u00e3o Paulo<\/a><\/li><\/ul><\/nav><\/div>\n<h2 class=\"wp-block-heading\"><span class=\"ez-toc-section\" id=\"Vantagens_de_mezaninos_personalizados\"><\/span>Vantagens de mezaninos personalizados<span class=\"ez-toc-section-end\"><\/span><\/h2>\n\n\n\n<p class=\"wp-block-paragraph\"><strong>Personaliza\u00e7\u00e3o \u00fanica: <\/strong>Cada mezanino \u00e9 projetado de acordo com as dimens\u00f5es e o estilo espec\u00edficos do espa\u00e7o, garantindo uma integra\u00e7\u00e3o perfeita e um design que reflete as prefer\u00eancias pessoais.<\/p>\n\n\n\n<p class=\"wp-block-paragraph\"><strong>Otimiza\u00e7\u00e3o do espa\u00e7o: <\/strong>Os mezaninos maximizam a \u00e1rea \u00fatil de um ambiente, criando um espa\u00e7o adicional que pode ser utilizado de diversas maneiras, como para escrit\u00f3rios, \u00e1reas de lazer ou armazenamento.<\/p>\n\n\n\n<p class=\"wp-block-paragraph\"><strong>Versatilidade de uso: <\/strong>Adapt\u00e1veis a diferentes finalidades, os mezaninos podem transformar um espa\u00e7o limitado em um local multifuncional, seja em resid\u00eancias, escrit\u00f3rios ou estabelecimentos comerciais.<\/p>\n\n\n\n<p class=\"wp-block-paragraph\"><strong>Valor est\u00e9tico aumentado: <\/strong>Al\u00e9m da funcionalidade, os mezaninos personalizados adicionam um elemento est\u00e9tico \u00fanico ao ambiente, podendo se tornar um ponto focal de design interior.<\/p>\n\n\n\n<p class=\"wp-block-paragraph\"><strong>Valoriza\u00e7\u00e3o do im\u00f3vel: <\/strong>A instala\u00e7\u00e3o de um mezanino personalizado pode aumentar o valor de mercado de um im\u00f3vel, tornando-o mais atraente para potenciais compradores ou inquilinos.<\/p>\n\n\n\n<p class=\"wp-block-paragraph\"><strong>Solu\u00e7\u00e3o eficiente para espa\u00e7os limitados: <\/strong>Em locais com limita\u00e7\u00e3o de espa\u00e7o, os mezaninos s\u00e3o uma solu\u00e7\u00e3o eficiente para expandir a \u00e1rea \u00fatil sem a necessidade de constru\u00e7\u00f5es adicionais ou altera\u00e7\u00f5es estruturais significativas.<\/p>\n\n\n\n<p class=\"wp-block-paragraph\"><strong>Qualidade e durabilidade: <\/strong>Quando constru\u00eddos com materiais de alta qualidade e por fabricantes especializados, os mezaninos oferecem uma solu\u00e7\u00e3o dur\u00e1vel e resistente, capaz de suportar diversas atividades e usos ao longo do tempo.<\/p>\n\n\n\n<ul class=\"wp-block-list\">\n<li><a href=\"https:\/\/www.estruturasalmeida.com.br\/blog\/porta-de-aco-automatica\/descubra-a-seguranca-e-a-conveniencia-das-portas-de-aco-automaticas\/\">Descubra a seguran\u00e7a e a conveni\u00eancia das portas de a\u00e7o autom\u00e1ticas<\/a>\u00a0<\/li>\n<\/ul>\n\n\n\n<h2 class=\"wp-block-heading\"><span class=\"ez-toc-section\" id=\"Conheca_as_principais_aplicacoes_dos_mezaninos_personalizados\"><\/span><strong>Conhe\u00e7a as principais aplica\u00e7\u00f5es dos mezaninos personalizados<\/strong><span class=\"ez-toc-section-end\"><\/span><\/h2>\n\n\n\n<p class=\"wp-block-paragraph\">Os mezaninos personalizados oferecem uma ampla gama de aplica\u00e7\u00f5es em diversos ambientes, transformando espa\u00e7os com efici\u00eancia e estilo. <\/p>\n\n\n\n<p class=\"wp-block-paragraph\">Aqui est\u00e3o algumas das principais utiliza\u00e7\u00f5es dessas estruturas vers\u00e1teis:<\/p>\n\n\n\n<p class=\"wp-block-paragraph\"><strong>Cria\u00e7\u00e3o de quartos ou \u00e1reas de dormir adicionais:<\/strong> Em resid\u00eancias com espa\u00e7o limitado, os mezaninos s\u00e3o uma excelente op\u00e7\u00e3o para adicionar um quarto extra, maximizando o uso do espa\u00e7o vertical.<\/p>\n\n\n\n<p class=\"wp-block-paragraph\"><strong>Expans\u00e3o de espa\u00e7o de escrit\u00f3rio ou home office:<\/strong> Proporcionam um ambiente isolado e tranquilo para trabalho ou estudo, ideal para ambientes residenciais ou comerciais.<\/p>\n\n\n\n<p class=\"wp-block-paragraph\"><strong>\u00c1reas de lazer e recrea\u00e7\u00e3o:<\/strong> Podem ser transformados em espa\u00e7os aconchegantes para lazer, como salas de jogos, \u00e1reas de descanso ou cantos de leitura.<\/p>\n\n\n\n<p class=\"wp-block-paragraph\"><strong>Showrooms e espa\u00e7os de exposi\u00e7\u00e3o em lojas:<\/strong> Nos estabelecimentos comerciais, os mezaninos ajudam a criar \u00e1reas adicionais para a exibi\u00e7\u00e3o de produtos, otimizando o espa\u00e7o de venda.<\/p>\n\n\n\n<p class=\"wp-block-paragraph\"><strong>Assentos extras em restaurantes e caf\u00e9s:<\/strong> Oferecem uma experi\u00eancia \u00fanica para os clientes, com vistas elevadas e um ambiente diferenciado.<\/p>\n\n\n\n<p class=\"wp-block-paragraph\"><strong>Armazenamento eficiente em armaz\u00e9ns e ind\u00fastrias:<\/strong> Utilizados para organizar estoques e equipamentos, aproveitando o espa\u00e7o vertical e melhorando a efici\u00eancia operacional.<\/p>\n\n\n\n<p class=\"wp-block-paragraph\"><strong>Expans\u00e3o de \u00e1reas de produ\u00e7\u00e3o:<\/strong> Em ambientes industriais, permitem a cria\u00e7\u00e3o de mais espa\u00e7o de trabalho sem a necessidade de expans\u00e3o f\u00edsica do pr\u00e9dio.<\/p>\n\n\n\n<p class=\"wp-block-paragraph\"><strong>Ambientes educativos e culturais:<\/strong> Ideal para bibliotecas, salas de leitura, galerias e museus, oferecendo espa\u00e7os adicionais para estudo, exibi\u00e7\u00e3o e aprendizado.<\/p>\n\n\n\n<p class=\"wp-block-paragraph\"><strong>Est\u00fadios de arte e <\/strong>m<strong>\u00fasica:<\/strong> Espa\u00e7os personalizados que proporcionam um ambiente adequado para a pr\u00e1tica art\u00edstica e musical, com privacidade e isolamento ac\u00fastico.<\/p>\n\n\n\n<p class=\"wp-block-paragraph\"><strong>Espa\u00e7os de Lazer Personalizados em Casa:<\/strong> Como salas de cinema, academias ou \u00e1reas para hobbies, adaptando-se \u00e0s necessidades e gostos dos usu\u00e1rios.<\/p>\n\n\n\n<h2 class=\"wp-block-heading\"><span class=\"ez-toc-section\" id=\"Fabricante_de_mezanino_personalizado_em_Sao_Paulo\"><\/span>Fabricante de mezanino personalizado em S\u00e3o Paulo<span class=\"ez-toc-section-end\"><\/span><\/h2>\n\n\n\n<p class=\"wp-block-paragraph\">Ao considerar a instala\u00e7\u00e3o de um mezanino personalizado, a escolha de um fabricante experiente e confi\u00e1vel \u00e9 fundamental.<\/p>\n\n\n\n<p class=\"wp-block-paragraph\">A <a href=\"https:\/\/www.estruturasalmeida.com.br\/servicos\">Estruturas Almeidas<\/a> se destaca n\u00e3o apenas pela qualidade superior de seus produtos, mas tamb\u00e9m pelo conhecimento profundo de seus funcion\u00e1rios sobre os produtos e suas funcionalidades.<\/p>\n\n\n\n<p class=\"wp-block-paragraph\">A equipe da Estruturas Almeidas acompanha cada projeto desde a concep\u00e7\u00e3o at\u00e9 a instala\u00e7\u00e3o, garantindo uma experi\u00eancia sem falhas e resultados impressionantes.<\/p>\n\n\n<div class=\"wp-block-image is-style-rounded\">\n<figure class=\"alignright is-resized\"><img loading=\"lazy\" decoding=\"async\" width=\"1000\" height=\"563\" src=\"https:\/\/www.estruturasalmeida.com.br\/blog\/wp-content\/uploads\/2023\/11\/renderizacao-em-3d-interior-casa-moderna-espaco-aberto-com-cozinha-estilo-loft-residencia-de-apartamento-duplex-decoracao-de-casa-design-de-interiores-de-luxo-1.jpg\" alt=\"Mezanino personalizado: maximizando espa\u00e7os com estilo e efici\u00eancia\" class=\"wp-image-58\" style=\"width:248px;height:auto\" srcset=\"https:\/\/www.estruturasalmeida.com.br\/blog\/wp-content\/uploads\/2023\/11\/renderizacao-em-3d-interior-casa-moderna-espaco-aberto-com-cozinha-estilo-loft-residencia-de-apartamento-duplex-decoracao-de-casa-design-de-interiores-de-luxo-1.jpg 1000w, https:\/\/www.estruturasalmeida.com.br\/blog\/wp-content\/uploads\/2023\/11\/renderizacao-em-3d-interior-casa-moderna-espaco-aberto-com-cozinha-estilo-loft-residencia-de-apartamento-duplex-decoracao-de-casa-design-de-interiores-de-luxo-1-300x169.jpg 300w, https:\/\/www.estruturasalmeida.com.br\/blog\/wp-content\/uploads\/2023\/11\/renderizacao-em-3d-interior-casa-moderna-espaco-aberto-com-cozinha-estilo-loft-residencia-de-apartamento-duplex-decoracao-de-casa-design-de-interiores-de-luxo-1-768x432.jpg 768w\" sizes=\"auto, (max-width: 1000px) 100vw, 1000px\" \/><\/figure>\n<\/div>\n\n\n<p class=\"wp-block-paragraph\">Para quem deseja transformar seu espa\u00e7o com estilo, efici\u00eancia e personaliza\u00e7\u00e3o, <a href=\"https:\/\/wa.me\/5511947684010\">entrar em contato<\/a> com a Estruturas Almeidas \u00e9 o primeiro passo.<\/p>\n\n\n\n<p class=\"wp-block-paragraph\">Com sua expertise, cada mezanino se torna uma pe\u00e7a central, refletindo as necessidades e o gosto de cada cliente.<\/p>\n\n\n\n<p class=\"wp-block-paragraph\">Visite o <a href=\"https:\/\/www.estruturasalmeida.com.br\/blog\">blog<\/a> da empresa para mais informa\u00e7\u00f5es e inspire-se com as in\u00fameras possibilidades que um mezanino personalizado pode oferecer.<\/p>\n","protected":false},"excerpt":{"rendered":"<p><span class=\"rt-reading-time\" style=\"display: block;\"><span class=\"rt-label rt-prefix\">Tempo de leitura<\/span> <span class=\"rt-time\">3<\/span> <span class=\"rt-label rt-postfix\">minutos<\/span><\/span> Transforme uma \u00e1rea inutilizada com mezanino personalizado. Explore designs, materiais e vantagens para o seu ambiente. Acesse e veja como otimizar seu espa\u00e7o! No mundo atual, onde o aproveitamento inteligente do espa\u00e7o \u00e9 essencial, os mezaninos personalizados surgem como uma&#8230;<\/p>\n","protected":false},"author":1,"featured_media":57,"comment_status":"open","ping_status":"open","sticky":false,"template":"","format":"standard","meta":{"footnotes":""},"categories":[50],"tags":[61,477,426,476,96,487,431,486,103,489,432,488,68,479,427,478,75,481,428,480,82,483,429,482,89,485,430,484,117,493,434,492,166,215,152,445,159,138,131,447,145,439,507,501,517,513,505,499,497,515,519,503,509,495,511,180,124,187,442,438,449,446,441,437,436,448,450,440,506,500,516,512,504,498,496,514,518,502,508,494,510,443,435,444,54,475,425,474,110,491,433,490],"class_list":["post-56","post","type-post","status-publish","format-standard","has-post-thumbnail","hentry","category-mezaninos","tag-comprar-mezanino","tag-comprar-mezanino-personalizado","tag-comprar-mezaninos","tag-comprar-mezaninos-personalizados","tag-distribuidor-de-mezanino","tag-distribuidor-de-mezanino-personalizado","tag-distribuidor-de-mezaninos","tag-distribuidor-de-mezaninos-personalizados","tag-distribuidora-de-mezanino","tag-distribuidora-de-mezanino-personalizado","tag-distribuidora-de-mezaninos","tag-distribuidora-de-mezaninos-personalizados","tag-empresa-de-mezanino","tag-empresa-de-mezanino-personalizado","tag-empresa-de-mezaninos","tag-empresa-de-mezaninos-personalizados","tag-fabrica-de-mezanino","tag-fabrica-de-mezanino-personalizado","tag-fabrica-de-mezaninos","tag-fabrica-de-mezaninos-personalizados","tag-fabricante-de-mezanino","tag-fabricante-de-mezanino-personalizado","tag-fabricante-de-mezaninos","tag-fabricante-de-mezaninos-personalizados","tag-fornecedor-de-mezanino","tag-fornecedor-de-mezanino-personalizado","tag-fornecedor-de-mezaninos","tag-fornecedor-de-mezaninos-personalizados","tag-loja-de-mezanino","tag-loja-de-mezanino-personalizado","tag-loja-de-mezaninos","tag-loja-de-mezaninos-personalizados","tag-mezanino-direto-da-fabrica","tag-mezanino-em-cumbica","tag-mezanino-em-guarulhos","tag-mezanino-em-poa","tag-mezanino-em-promocao","tag-mezanino-em-sao-paulo","tag-mezanino-em-sp","tag-mezanino-em-suzano","tag-mezanino-no-aruja","tag-mezanino-no-itaim-paulista","tag-mezanino-personalizado-direto-da-fabrica","tag-mezanino-personalizado-em-cumbica","tag-mezanino-personalizado-em-guarulhos","tag-mezanino-personalizado-em-poa","tag-mezanino-personalizado-em-promocao","tag-mezanino-personalizado-em-sao-paulo","tag-mezanino-personalizado-em-sp","tag-mezanino-personalizado-em-suzano","tag-mezanino-personalizado-no-aruja","tag-mezanino-personalizado-no-itaim-paulista","tag-mezanino-personalizado-perto-de-mim","tag-mezanino-personalizado-preco","tag-mezanino-personalizado-proximo-a-mim","tag-mezanino-perto-de-mim","tag-mezanino-preco","tag-mezanino-proximo-a-mim","tag-mezaninos-direto-da-fabrica","tag-mezaninos-em-cumbica","tag-mezaninos-em-guarulhos","tag-mezaninos-em-poa","tag-mezaninos-em-promocao","tag-mezaninos-em-sao-paulo","tag-mezaninos-em-sp","tag-mezaninos-em-suzano","tag-mezaninos-no-aruja","tag-mezaninos-no-itaim-paulista","tag-mezaninos-personalizados-direto-da-fabrica","tag-mezaninos-personalizados-em-cumbica","tag-mezaninos-personalizados-em-guarulhos","tag-mezaninos-personalizados-em-poa","tag-mezaninos-personalizados-em-promocao","tag-mezaninos-personalizados-em-sao-paulo","tag-mezaninos-personalizados-em-sp","tag-mezaninos-personalizados-em-suzano","tag-mezaninos-personalizados-no-aruja","tag-mezaninos-personalizados-no-itaim-paulista","tag-mezaninos-personalizados-perto-de-mim","tag-mezaninos-personalizados-preco","tag-mezaninos-personalizados-proximo-a-mim","tag-mezaninos-perto-de-mim","tag-mezaninos-preco","tag-mezaninos-proximo-a-mim","tag-onde-encontrar-mezanino","tag-onde-encontrar-mezanino-personalizado","tag-onde-encontrar-mezaninos","tag-onde-encontrar-mezaninos-personalizados","tag-revendedor-de-mezanino","tag-revendedor-de-mezanino-personalizado","tag-revendedor-de-mezaninos","tag-revendedor-de-mezaninos-personalizados"],"yoast_head":"<!-- This site is optimized with the Yoast SEO plugin v24.6 - https:\/\/yoast.com\/wordpress\/plugins\/seo\/ -->\n<title>Mezanino personalizado: maximiize espa\u00e7os com efici\u00eancia<\/title>\n<meta name=\"description\" content=\"Transforme uma \u00e1rea inutilizada com mezanino personalizado. Explore materiais e vantagens. Acesse e veja como otimizar seu espa\u00e7o!\" \/>\n<meta name=\"robots\" content=\"index, follow, max-snippet:-1, max-image-preview:large, max-video-preview:-1\" \/>\n<link rel=\"canonical\" href=\"https:\/\/www.estruturasalmeida.com.br\/blog\/mezaninos\/mezanino-personalizado-maximizando-espacos-com-estilo-e-eficiencia\/\" \/>\n<meta property=\"og:locale\" content=\"pt_BR\" \/>\n<meta property=\"og:type\" content=\"article\" \/>\n<meta property=\"og:title\" content=\"Mezanino personalizado: maximiize espa\u00e7os com efici\u00eancia\" \/>\n<meta property=\"og:description\" content=\"Transforme uma \u00e1rea inutilizada com mezanino personalizado. Explore materiais e vantagens. Acesse e veja como otimizar seu espa\u00e7o!\" \/>\n<meta property=\"og:url\" content=\"https:\/\/www.estruturasalmeida.com.br\/blog\/mezaninos\/mezanino-personalizado-maximizando-espacos-com-estilo-e-eficiencia\/\" \/>\n<meta property=\"og:site_name\" content=\"Estruturas Almeida\" \/>\n<meta property=\"article:published_time\" content=\"2023-11-22T12:55:54+00:00\" \/>\n<meta property=\"article:modified_time\" content=\"2025-12-17T13:27:37+00:00\" \/>\n<meta property=\"og:image\" content=\"https:\/\/www.estruturasalmeida.com.br\/blog\/wp-content\/uploads\/2023\/11\/renderizacao-em-3d-casa-interior-moderno-espaco-aberto-com-cozinha-estilo-loft-residencia-duplex-decoracao-para-casa-interior-de-luxodesign-exteriorterraco-ao-ar-livre-com-piscina-1.jpg\" \/>\n\t<meta property=\"og:image:width\" content=\"1000\" \/>\n\t<meta property=\"og:image:height\" content=\"563\" \/>\n\t<meta property=\"og:image:type\" content=\"image\/jpeg\" \/>\n<meta name=\"author\" content=\"admin\" \/>\n<meta name=\"twitter:card\" content=\"summary_large_image\" \/>\n<meta name=\"twitter:label1\" content=\"Escrito por\" \/>\n\t<meta name=\"twitter:data1\" content=\"admin\" \/>\n\t<meta name=\"twitter:label2\" content=\"Est. tempo de leitura\" \/>\n\t<meta name=\"twitter:data2\" content=\"5 minutos\" \/>\n<script type=\"application\/ld+json\" class=\"yoast-schema-graph\">{\"@context\":\"https:\/\/schema.org\",\"@graph\":[{\"@type\":\"Article\",\"@id\":\"https:\/\/www.estruturasalmeida.com.br\/blog\/mezaninos\/mezanino-personalizado-maximizando-espacos-com-estilo-e-eficiencia\/#article\",\"isPartOf\":{\"@id\":\"https:\/\/www.estruturasalmeida.com.br\/blog\/mezaninos\/mezanino-personalizado-maximizando-espacos-com-estilo-e-eficiencia\/\"},\"author\":{\"name\":\"admin\",\"@id\":\"https:\/\/www.estruturasalmeida.com.br\/blog\/#\/schema\/person\/35617c1d632c6b43a0e2e58c3519b8eb\"},\"headline\":\"Mezanino personalizado: maximizando espa\u00e7os com estilo e efici\u00eancia\",\"datePublished\":\"2023-11-22T12:55:54+00:00\",\"dateModified\":\"2025-12-17T13:27:37+00:00\",\"mainEntityOfPage\":{\"@id\":\"https:\/\/www.estruturasalmeida.com.br\/blog\/mezaninos\/mezanino-personalizado-maximizando-espacos-com-estilo-e-eficiencia\/\"},\"wordCount\":883,\"commentCount\":0,\"publisher\":{\"@id\":\"https:\/\/www.estruturasalmeida.com.br\/blog\/#organization\"},\"image\":{\"@id\":\"https:\/\/www.estruturasalmeida.com.br\/blog\/mezaninos\/mezanino-personalizado-maximizando-espacos-com-estilo-e-eficiencia\/#primaryimage\"},\"thumbnailUrl\":\"https:\/\/www.estruturasalmeida.com.br\/blog\/wp-content\/uploads\/2023\/11\/renderizacao-em-3d-casa-interior-moderno-espaco-aberto-com-cozinha-estilo-loft-residencia-duplex-decoracao-para-casa-interior-de-luxodesign-exteriorterraco-ao-ar-livre-com-piscina-1.jpg\",\"keywords\":[\"comprar mezanino\",\"comprar mezanino personalizado\",\"comprar mezaninos\",\"comprar mezaninos personalizados\",\"distribuidor de mezanino\",\"distribuidor de mezanino personalizado\",\"distribuidor de mezaninos\",\"distribuidor de mezaninos personalizados\",\"distribuidora de mezanino\",\"distribuidora de mezanino personalizado\",\"distribuidora de mezaninos\",\"distribuidora de mezaninos personalizados\",\"empresa de mezanino\",\"empresa de mezanino personalizado\",\"empresa de mezaninos\",\"empresa de mezaninos personalizados\",\"f\u00e1brica de mezanino\",\"f\u00e1brica de mezanino personalizado\",\"f\u00e1brica de mezaninos\",\"f\u00e1brica de mezaninos personalizados\",\"fabricante de mezanino\",\"fabricante de mezanino personalizado\",\"fabricante de mezaninos\",\"fabricante de mezaninos personalizados\",\"fornecedor de mezanino\",\"fornecedor de mezanino personalizado\",\"fornecedor de mezaninos\",\"fornecedor de mezaninos personalizados\",\"loja de mezanino\",\"loja de mezanino personalizado\",\"loja de mezaninos\",\"loja de mezaninos personalizados\",\"mezanino direto da fabrica\",\"mezanino em cumbica\",\"mezanino em guarulhos\",\"mezanino em po\u00e1\",\"mezanino em promo\u00e7\u00e3o\",\"mezanino em s\u00e3o paulo\",\"mezanino em sp\",\"mezanino em suzano\",\"mezanino no aruj\u00e1\",\"mezanino no itaim paulista\",\"mezanino personalizado direto da fabrica\",\"mezanino personalizado em cumbica\",\"mezanino personalizado em guarulhos\",\"mezanino personalizado em po\u00e1\",\"mezanino personalizado em promo\u00e7\u00e3o\",\"mezanino personalizado em s\u00e3o paulo\",\"mezanino personalizado em sp\",\"mezanino personalizado em suzano\",\"mezanino personalizado no aruj\u00e1\",\"mezanino personalizado no itaim paulista\",\"mezanino personalizado perto de mim\",\"mezanino personalizado pre\u00e7o\",\"mezanino personalizado pr\u00f3ximo a mim\",\"mezanino perto de mim\",\"mezanino pre\u00e7o\",\"mezanino pr\u00f3ximo a mim\",\"mezaninos direto da fabrica\",\"mezaninos em cumbica\",\"mezaninos em guarulhos\",\"mezaninos em po\u00e1\",\"mezaninos em promo\u00e7\u00e3o\",\"mezaninos em s\u00e3o paulo\",\"mezaninos em sp\",\"mezaninos em suzano\",\"mezaninos no aruj\u00e1\",\"mezaninos no itaim paulista\",\"mezaninos personalizados direto da fabrica\",\"mezaninos personalizados em cumbica\",\"mezaninos personalizados em guarulhos\",\"mezaninos personalizados em po\u00e1\",\"mezaninos personalizados em promo\u00e7\u00e3o\",\"mezaninos personalizados em s\u00e3o paulo\",\"mezaninos personalizados em sp\",\"mezaninos personalizados em suzano\",\"mezaninos personalizados no aruj\u00e1\",\"mezaninos personalizados no itaim paulista\",\"mezaninos personalizados perto de mim\",\"mezaninos personalizados pre\u00e7o\",\"mezaninos personalizados pr\u00f3ximo a mim\",\"mezaninos perto de mim\",\"mezaninos pre\u00e7o\",\"mezaninos pr\u00f3ximo a mim\",\"onde encontrar mezanino\",\"onde encontrar mezanino personalizado\",\"onde encontrar mezaninos\",\"onde encontrar mezaninos personalizados\",\"revendedor de mezanino\",\"revendedor de mezanino personalizado\",\"revendedor de mezaninos\",\"revendedor de mezaninos personalizados\"],\"articleSection\":[\"Mezaninos\"],\"inLanguage\":\"pt-BR\",\"potentialAction\":[{\"@type\":\"CommentAction\",\"name\":\"Comment\",\"target\":[\"https:\/\/www.estruturasalmeida.com.br\/blog\/mezaninos\/mezanino-personalizado-maximizando-espacos-com-estilo-e-eficiencia\/#respond\"]}]},{\"@type\":\"WebPage\",\"@id\":\"https:\/\/www.estruturasalmeida.com.br\/blog\/mezaninos\/mezanino-personalizado-maximizando-espacos-com-estilo-e-eficiencia\/\",\"url\":\"https:\/\/www.estruturasalmeida.com.br\/blog\/mezaninos\/mezanino-personalizado-maximizando-espacos-com-estilo-e-eficiencia\/\",\"name\":\"Mezanino personalizado: maximiize espa\u00e7os com efici\u00eancia\",\"isPartOf\":{\"@id\":\"https:\/\/www.estruturasalmeida.com.br\/blog\/#website\"},\"primaryImageOfPage\":{\"@id\":\"https:\/\/www.estruturasalmeida.com.br\/blog\/mezaninos\/mezanino-personalizado-maximizando-espacos-com-estilo-e-eficiencia\/#primaryimage\"},\"image\":{\"@id\":\"https:\/\/www.estruturasalmeida.com.br\/blog\/mezaninos\/mezanino-personalizado-maximizando-espacos-com-estilo-e-eficiencia\/#primaryimage\"},\"thumbnailUrl\":\"https:\/\/www.estruturasalmeida.com.br\/blog\/wp-content\/uploads\/2023\/11\/renderizacao-em-3d-casa-interior-moderno-espaco-aberto-com-cozinha-estilo-loft-residencia-duplex-decoracao-para-casa-interior-de-luxodesign-exteriorterraco-ao-ar-livre-com-piscina-1.jpg\",\"datePublished\":\"2023-11-22T12:55:54+00:00\",\"dateModified\":\"2025-12-17T13:27:37+00:00\",\"description\":\"Transforme uma \u00e1rea inutilizada com mezanino personalizado. Explore materiais e vantagens. Acesse e veja como otimizar seu espa\u00e7o!\",\"breadcrumb\":{\"@id\":\"https:\/\/www.estruturasalmeida.com.br\/blog\/mezaninos\/mezanino-personalizado-maximizando-espacos-com-estilo-e-eficiencia\/#breadcrumb\"},\"inLanguage\":\"pt-BR\",\"potentialAction\":[{\"@type\":\"ReadAction\",\"target\":[\"https:\/\/www.estruturasalmeida.com.br\/blog\/mezaninos\/mezanino-personalizado-maximizando-espacos-com-estilo-e-eficiencia\/\"]}]},{\"@type\":\"ImageObject\",\"inLanguage\":\"pt-BR\",\"@id\":\"https:\/\/www.estruturasalmeida.com.br\/blog\/mezaninos\/mezanino-personalizado-maximizando-espacos-com-estilo-e-eficiencia\/#primaryimage\",\"url\":\"https:\/\/www.estruturasalmeida.com.br\/blog\/wp-content\/uploads\/2023\/11\/renderizacao-em-3d-casa-interior-moderno-espaco-aberto-com-cozinha-estilo-loft-residencia-duplex-decoracao-para-casa-interior-de-luxodesign-exteriorterraco-ao-ar-livre-com-piscina-1.jpg\",\"contentUrl\":\"https:\/\/www.estruturasalmeida.com.br\/blog\/wp-content\/uploads\/2023\/11\/renderizacao-em-3d-casa-interior-moderno-espaco-aberto-com-cozinha-estilo-loft-residencia-duplex-decoracao-para-casa-interior-de-luxodesign-exteriorterraco-ao-ar-livre-com-piscina-1.jpg\",\"width\":1000,\"height\":563,\"caption\":\"Mezanino personalizado: maximizando espa\u00e7os com estilo e efici\u00eancia\"},{\"@type\":\"BreadcrumbList\",\"@id\":\"https:\/\/www.estruturasalmeida.com.br\/blog\/mezaninos\/mezanino-personalizado-maximizando-espacos-com-estilo-e-eficiencia\/#breadcrumb\",\"itemListElement\":[{\"@type\":\"ListItem\",\"position\":1,\"name\":\"In\u00edcio\",\"item\":\"https:\/\/www.estruturasalmeida.com.br\/blog\/\"},{\"@type\":\"ListItem\",\"position\":2,\"name\":\"Mezanino personalizado: maximizando espa\u00e7os com estilo e efici\u00eancia\"}]},{\"@type\":\"WebSite\",\"@id\":\"https:\/\/www.estruturasalmeida.com.br\/blog\/#website\",\"url\":\"https:\/\/www.estruturasalmeida.com.br\/blog\/\",\"name\":\"Estruturas Almeida\",\"description\":\"\",\"publisher\":{\"@id\":\"https:\/\/www.estruturasalmeida.com.br\/blog\/#organization\"},\"potentialAction\":[{\"@type\":\"SearchAction\",\"target\":{\"@type\":\"EntryPoint\",\"urlTemplate\":\"https:\/\/www.estruturasalmeida.com.br\/blog\/?s={search_term_string}\"},\"query-input\":{\"@type\":\"PropertyValueSpecification\",\"valueRequired\":true,\"valueName\":\"search_term_string\"}}],\"inLanguage\":\"pt-BR\"},{\"@type\":\"Organization\",\"@id\":\"https:\/\/www.estruturasalmeida.com.br\/blog\/#organization\",\"name\":\"Estruturas Almeida\",\"url\":\"https:\/\/www.estruturasalmeida.com.br\/blog\/\",\"logo\":{\"@type\":\"ImageObject\",\"inLanguage\":\"pt-BR\",\"@id\":\"https:\/\/www.estruturasalmeida.com.br\/blog\/#\/schema\/logo\/image\/\",\"url\":\"https:\/\/www.estruturasalmeida.com.br\/blog\/wp-content\/uploads\/2023\/08\/logo.png\",\"contentUrl\":\"https:\/\/www.estruturasalmeida.com.br\/blog\/wp-content\/uploads\/2023\/08\/logo.png\",\"width\":144,\"height\":38,\"caption\":\"Estruturas Almeida\"},\"image\":{\"@id\":\"https:\/\/www.estruturasalmeida.com.br\/blog\/#\/schema\/logo\/image\/\"}},{\"@type\":\"Person\",\"@id\":\"https:\/\/www.estruturasalmeida.com.br\/blog\/#\/schema\/person\/35617c1d632c6b43a0e2e58c3519b8eb\",\"name\":\"admin\",\"image\":{\"@type\":\"ImageObject\",\"inLanguage\":\"pt-BR\",\"@id\":\"https:\/\/www.estruturasalmeida.com.br\/blog\/#\/schema\/person\/image\/\",\"url\":\"https:\/\/secure.gravatar.com\/avatar\/3813f53848958b8842eeafda91666185a90010f65ed554379b78794cde6f234a?s=96&d=mm&r=g\",\"contentUrl\":\"https:\/\/secure.gravatar.com\/avatar\/3813f53848958b8842eeafda91666185a90010f65ed554379b78794cde6f234a?s=96&d=mm&r=g\",\"caption\":\"admin\"},\"sameAs\":[\"https:\/\/www.estruturasalmeida.com.br\/blog\"],\"url\":\"https:\/\/www.estruturasalmeida.com.br\/blog\/author\/admin\/\"}]}<\/script>\n<!-- \/ Yoast SEO plugin. -->","yoast_head_json":{"title":"Mezanino personalizado: maximiize espa\u00e7os com efici\u00eancia","description":"Transforme uma \u00e1rea inutilizada com mezanino personalizado. Explore materiais e vantagens. Acesse e veja como otimizar seu espa\u00e7o!","robots":{"index":"index","follow":"follow","max-snippet":"max-snippet:-1","max-image-preview":"max-image-preview:large","max-video-preview":"max-video-preview:-1"},"canonical":"https:\/\/www.estruturasalmeida.com.br\/blog\/mezaninos\/mezanino-personalizado-maximizando-espacos-com-estilo-e-eficiencia\/","og_locale":"pt_BR","og_type":"article","og_title":"Mezanino personalizado: maximiize espa\u00e7os com efici\u00eancia","og_description":"Transforme uma \u00e1rea inutilizada com mezanino personalizado. Explore materiais e vantagens. Acesse e veja como otimizar seu espa\u00e7o!","og_url":"https:\/\/www.estruturasalmeida.com.br\/blog\/mezaninos\/mezanino-personalizado-maximizando-espacos-com-estilo-e-eficiencia\/","og_site_name":"Estruturas Almeida","article_published_time":"2023-11-22T12:55:54+00:00","article_modified_time":"2025-12-17T13:27:37+00:00","og_image":[{"width":1000,"height":563,"url":"https:\/\/www.estruturasalmeida.com.br\/blog\/wp-content\/uploads\/2023\/11\/renderizacao-em-3d-casa-interior-moderno-espaco-aberto-com-cozinha-estilo-loft-residencia-duplex-decoracao-para-casa-interior-de-luxodesign-exteriorterraco-ao-ar-livre-com-piscina-1.jpg","type":"image\/jpeg"}],"author":"admin","twitter_card":"summary_large_image","twitter_misc":{"Escrito por":"admin","Est. tempo de leitura":"5 minutos"},"schema":{"@context":"https:\/\/schema.org","@graph":[{"@type":"Article","@id":"https:\/\/www.estruturasalmeida.com.br\/blog\/mezaninos\/mezanino-personalizado-maximizando-espacos-com-estilo-e-eficiencia\/#article","isPartOf":{"@id":"https:\/\/www.estruturasalmeida.com.br\/blog\/mezaninos\/mezanino-personalizado-maximizando-espacos-com-estilo-e-eficiencia\/"},"author":{"name":"admin","@id":"https:\/\/www.estruturasalmeida.com.br\/blog\/#\/schema\/person\/35617c1d632c6b43a0e2e58c3519b8eb"},"headline":"Mezanino personalizado: maximizando espa\u00e7os com estilo e efici\u00eancia","datePublished":"2023-11-22T12:55:54+00:00","dateModified":"2025-12-17T13:27:37+00:00","mainEntityOfPage":{"@id":"https:\/\/www.estruturasalmeida.com.br\/blog\/mezaninos\/mezanino-personalizado-maximizando-espacos-com-estilo-e-eficiencia\/"},"wordCount":883,"commentCount":0,"publisher":{"@id":"https:\/\/www.estruturasalmeida.com.br\/blog\/#organization"},"image":{"@id":"https:\/\/www.estruturasalmeida.com.br\/blog\/mezaninos\/mezanino-personalizado-maximizando-espacos-com-estilo-e-eficiencia\/#primaryimage"},"thumbnailUrl":"https:\/\/www.estruturasalmeida.com.br\/blog\/wp-content\/uploads\/2023\/11\/renderizacao-em-3d-casa-interior-moderno-espaco-aberto-com-cozinha-estilo-loft-residencia-duplex-decoracao-para-casa-interior-de-luxodesign-exteriorterraco-ao-ar-livre-com-piscina-1.jpg","keywords":["comprar mezanino","comprar mezanino personalizado","comprar mezaninos","comprar mezaninos personalizados","distribuidor de mezanino","distribuidor de mezanino personalizado","distribuidor de mezaninos","distribuidor de mezaninos personalizados","distribuidora de mezanino","distribuidora de mezanino personalizado","distribuidora de mezaninos","distribuidora de mezaninos personalizados","empresa de mezanino","empresa de mezanino personalizado","empresa de mezaninos","empresa de mezaninos personalizados","f\u00e1brica de mezanino","f\u00e1brica de mezanino personalizado","f\u00e1brica de mezaninos","f\u00e1brica de mezaninos personalizados","fabricante de mezanino","fabricante de mezanino personalizado","fabricante de mezaninos","fabricante de mezaninos personalizados","fornecedor de mezanino","fornecedor de mezanino personalizado","fornecedor de mezaninos","fornecedor de mezaninos personalizados","loja de mezanino","loja de mezanino personalizado","loja de mezaninos","loja de mezaninos personalizados","mezanino direto da fabrica","mezanino em cumbica","mezanino em guarulhos","mezanino em po\u00e1","mezanino em promo\u00e7\u00e3o","mezanino em s\u00e3o paulo","mezanino em sp","mezanino em suzano","mezanino no aruj\u00e1","mezanino no itaim paulista","mezanino personalizado direto da fabrica","mezanino personalizado em cumbica","mezanino personalizado em guarulhos","mezanino personalizado em po\u00e1","mezanino personalizado em promo\u00e7\u00e3o","mezanino personalizado em s\u00e3o paulo","mezanino personalizado em sp","mezanino personalizado em suzano","mezanino personalizado no aruj\u00e1","mezanino personalizado no itaim paulista","mezanino personalizado perto de mim","mezanino personalizado pre\u00e7o","mezanino personalizado pr\u00f3ximo a mim","mezanino perto de mim","mezanino pre\u00e7o","mezanino pr\u00f3ximo a mim","mezaninos direto da fabrica","mezaninos em cumbica","mezaninos em guarulhos","mezaninos em po\u00e1","mezaninos em promo\u00e7\u00e3o","mezaninos em s\u00e3o paulo","mezaninos em sp","mezaninos em suzano","mezaninos no aruj\u00e1","mezaninos no itaim paulista","mezaninos personalizados direto da fabrica","mezaninos personalizados em cumbica","mezaninos personalizados em guarulhos","mezaninos personalizados em po\u00e1","mezaninos personalizados em promo\u00e7\u00e3o","mezaninos personalizados em s\u00e3o paulo","mezaninos personalizados em sp","mezaninos personalizados em suzano","mezaninos personalizados no aruj\u00e1","mezaninos personalizados no itaim paulista","mezaninos personalizados perto de mim","mezaninos personalizados pre\u00e7o","mezaninos personalizados pr\u00f3ximo a mim","mezaninos perto de mim","mezaninos pre\u00e7o","mezaninos pr\u00f3ximo a mim","onde encontrar mezanino","onde encontrar mezanino personalizado","onde encontrar mezaninos","onde encontrar mezaninos personalizados","revendedor de mezanino","revendedor de mezanino personalizado","revendedor de mezaninos","revendedor de mezaninos personalizados"],"articleSection":["Mezaninos"],"inLanguage":"pt-BR","potentialAction":[{"@type":"CommentAction","name":"Comment","target":["https:\/\/www.estruturasalmeida.com.br\/blog\/mezaninos\/mezanino-personalizado-maximizando-espacos-com-estilo-e-eficiencia\/#respond"]}]},{"@type":"WebPage","@id":"https:\/\/www.estruturasalmeida.com.br\/blog\/mezaninos\/mezanino-personalizado-maximizando-espacos-com-estilo-e-eficiencia\/","url":"https:\/\/www.estruturasalmeida.com.br\/blog\/mezaninos\/mezanino-personalizado-maximizando-espacos-com-estilo-e-eficiencia\/","name":"Mezanino personalizado: maximiize espa\u00e7os com efici\u00eancia","isPartOf":{"@id":"https:\/\/www.estruturasalmeida.com.br\/blog\/#website"},"primaryImageOfPage":{"@id":"https:\/\/www.estruturasalmeida.com.br\/blog\/mezaninos\/mezanino-personalizado-maximizando-espacos-com-estilo-e-eficiencia\/#primaryimage"},"image":{"@id":"https:\/\/www.estruturasalmeida.com.br\/blog\/mezaninos\/mezanino-personalizado-maximizando-espacos-com-estilo-e-eficiencia\/#primaryimage"},"thumbnailUrl":"https:\/\/www.estruturasalmeida.com.br\/blog\/wp-content\/uploads\/2023\/11\/renderizacao-em-3d-casa-interior-moderno-espaco-aberto-com-cozinha-estilo-loft-residencia-duplex-decoracao-para-casa-interior-de-luxodesign-exteriorterraco-ao-ar-livre-com-piscina-1.jpg","datePublished":"2023-11-22T12:55:54+00:00","dateModified":"2025-12-17T13:27:37+00:00","description":"Transforme uma \u00e1rea inutilizada com mezanino personalizado. Explore materiais e vantagens. Acesse e veja como otimizar seu espa\u00e7o!","breadcrumb":{"@id":"https:\/\/www.estruturasalmeida.com.br\/blog\/mezaninos\/mezanino-personalizado-maximizando-espacos-com-estilo-e-eficiencia\/#breadcrumb"},"inLanguage":"pt-BR","potentialAction":[{"@type":"ReadAction","target":["https:\/\/www.estruturasalmeida.com.br\/blog\/mezaninos\/mezanino-personalizado-maximizando-espacos-com-estilo-e-eficiencia\/"]}]},{"@type":"ImageObject","inLanguage":"pt-BR","@id":"https:\/\/www.estruturasalmeida.com.br\/blog\/mezaninos\/mezanino-personalizado-maximizando-espacos-com-estilo-e-eficiencia\/#primaryimage","url":"https:\/\/www.estruturasalmeida.com.br\/blog\/wp-content\/uploads\/2023\/11\/renderizacao-em-3d-casa-interior-moderno-espaco-aberto-com-cozinha-estilo-loft-residencia-duplex-decoracao-para-casa-interior-de-luxodesign-exteriorterraco-ao-ar-livre-com-piscina-1.jpg","contentUrl":"https:\/\/www.estruturasalmeida.com.br\/blog\/wp-content\/uploads\/2023\/11\/renderizacao-em-3d-casa-interior-moderno-espaco-aberto-com-cozinha-estilo-loft-residencia-duplex-decoracao-para-casa-interior-de-luxodesign-exteriorterraco-ao-ar-livre-com-piscina-1.jpg","width":1000,"height":563,"caption":"Mezanino personalizado: maximizando espa\u00e7os com estilo e efici\u00eancia"},{"@type":"BreadcrumbList","@id":"https:\/\/www.estruturasalmeida.com.br\/blog\/mezaninos\/mezanino-personalizado-maximizando-espacos-com-estilo-e-eficiencia\/#breadcrumb","itemListElement":[{"@type":"ListItem","position":1,"name":"In\u00edcio","item":"https:\/\/www.estruturasalmeida.com.br\/blog\/"},{"@type":"ListItem","position":2,"name":"Mezanino personalizado: maximizando espa\u00e7os com estilo e efici\u00eancia"}]},{"@type":"WebSite","@id":"https:\/\/www.estruturasalmeida.com.br\/blog\/#website","url":"https:\/\/www.estruturasalmeida.com.br\/blog\/","name":"Estruturas Almeida","description":"","publisher":{"@id":"https:\/\/www.estruturasalmeida.com.br\/blog\/#organization"},"potentialAction":[{"@type":"SearchAction","target":{"@type":"EntryPoint","urlTemplate":"https:\/\/www.estruturasalmeida.com.br\/blog\/?s={search_term_string}"},"query-input":{"@type":"PropertyValueSpecification","valueRequired":true,"valueName":"search_term_string"}}],"inLanguage":"pt-BR"},{"@type":"Organization","@id":"https:\/\/www.estruturasalmeida.com.br\/blog\/#organization","name":"Estruturas Almeida","url":"https:\/\/www.estruturasalmeida.com.br\/blog\/","logo":{"@type":"ImageObject","inLanguage":"pt-BR","@id":"https:\/\/www.estruturasalmeida.com.br\/blog\/#\/schema\/logo\/image\/","url":"https:\/\/www.estruturasalmeida.com.br\/blog\/wp-content\/uploads\/2023\/08\/logo.png","contentUrl":"https:\/\/www.estruturasalmeida.com.br\/blog\/wp-content\/uploads\/2023\/08\/logo.png","width":144,"height":38,"caption":"Estruturas Almeida"},"image":{"@id":"https:\/\/www.estruturasalmeida.com.br\/blog\/#\/schema\/logo\/image\/"}},{"@type":"Person","@id":"https:\/\/www.estruturasalmeida.com.br\/blog\/#\/schema\/person\/35617c1d632c6b43a0e2e58c3519b8eb","name":"admin","image":{"@type":"ImageObject","inLanguage":"pt-BR","@id":"https:\/\/www.estruturasalmeida.com.br\/blog\/#\/schema\/person\/image\/","url":"https:\/\/secure.gravatar.com\/avatar\/3813f53848958b8842eeafda91666185a90010f65ed554379b78794cde6f234a?s=96&d=mm&r=g","contentUrl":"https:\/\/secure.gravatar.com\/avatar\/3813f53848958b8842eeafda91666185a90010f65ed554379b78794cde6f234a?s=96&d=mm&r=g","caption":"admin"},"sameAs":["https:\/\/www.estruturasalmeida.com.br\/blog"],"url":"https:\/\/www.estruturasalmeida.com.br\/blog\/author\/admin\/"}]}},"_links":{"self":[{"href":"https:\/\/www.estruturasalmeida.com.br\/blog\/wp-json\/wp\/v2\/posts\/56","targetHints":{"allow":["GET"]}}],"collection":[{"href":"https:\/\/www.estruturasalmeida.com.br\/blog\/wp-json\/wp\/v2\/posts"}],"about":[{"href":"https:\/\/www.estruturasalmeida.com.br\/blog\/wp-json\/wp\/v2\/types\/post"}],"author":[{"embeddable":true,"href":"https:\/\/www.estruturasalmeida.com.br\/blog\/wp-json\/wp\/v2\/users\/1"}],"replies":[{"embeddable":true,"href":"https:\/\/www.estruturasalmeida.com.br\/blog\/wp-json\/wp\/v2\/comments?post=56"}],"version-history":[{"count":2,"href":"https:\/\/www.estruturasalmeida.com.br\/blog\/wp-json\/wp\/v2\/posts\/56\/revisions"}],"predecessor-version":[{"id":61,"href":"https:\/\/www.estruturasalmeida.com.br\/blog\/wp-json\/wp\/v2\/posts\/56\/revisions\/61"}],"wp:featuredmedia":[{"embeddable":true,"href":"https:\/\/www.estruturasalmeida.com.br\/blog\/wp-json\/wp\/v2\/media\/57"}],"wp:attachment":[{"href":"https:\/\/www.estruturasalmeida.com.br\/blog\/wp-json\/wp\/v2\/media?parent=56"}],"wp:term":[{"taxonomy":"category","embeddable":true,"href":"https:\/\/www.estruturasalmeida.com.br\/blog\/wp-json\/wp\/v2\/categories?post=56"},{"taxonomy":"post_tag","embeddable":true,"href":"https:\/\/www.estruturasalmeida.com.br\/blog\/wp-json\/wp\/v2\/tags?post=56"}],"curies":[{"name":"wp","href":"https:\/\/api.w.org\/{rel}","templated":true}]}}