{"id":104,"date":"2024-04-05T18:31:45","date_gmt":"2024-04-05T18:31:45","guid":{"rendered":"https:\/\/www.estruturasalmeida.com.br\/blog\/?p=104"},"modified":"2025-12-04T19:00:26","modified_gmt":"2025-12-04T19:00:26","slug":"mezaninos-metalicos-personalizados-otimizando-espacos-com-estilo-e-praticidade","status":"publish","type":"post","link":"https:\/\/www.estruturasalmeida.com.br\/blog\/mezaninos\/mezaninos-metalicos-personalizados-otimizando-espacos-com-estilo-e-praticidade\/","title":{"rendered":"Mezaninos met\u00e1licos personalizados: otimizando espa\u00e7os com estilo e praticidade"},"content":{"rendered":"<span class=\"rt-reading-time\" style=\"display: block;\"><span class=\"rt-label rt-prefix\">Tempo de leitura<\/span> <span class=\"rt-time\">2<\/span> <span class=\"rt-label rt-postfix\">minutos<\/span><\/span>\n<p class=\"has-medium-font-size wp-block-paragraph\"><strong><em>Aprenda como mezaninos met\u00e1licos personalizados podem otimizar espa\u00e7os com estilo e praticidade, transformando ambientes.<\/em><\/strong><\/p>\n\n\n\n<p class=\"wp-block-paragraph\">No cen\u00e1rio contempor\u00e2neo, a otimiza\u00e7\u00e3o de espa\u00e7os tornou-se uma necessidade cada vez mais premente, impulsionada pelo constante desafio de harmonizar funcionalidade e est\u00e9tica.<\/p>\n\n\n\n<p class=\"wp-block-paragraph\">Nesse contexto, os mezaninos met\u00e1licos personalizados emergem como uma solu\u00e7\u00e3o inteligente e vers\u00e1til, oferecendo uma maneira eficaz de maximizar o aproveitamento de \u00e1reas \u00fateis em diversos ambientes.<\/p>\n\n\n\n<p class=\"wp-block-paragraph\">Combinando a robustez do metal com a adaptabilidade de projetos personalizados, essas estruturas se destacam como uma op\u00e7\u00e3o atrativa para quem busca ampliar espa\u00e7os sem comprometer o visual do ambiente.<\/p>\n\n\n\n<ul class=\"wp-block-list\">\n<li><a href=\"https:\/\/www.estruturasalmeida.com.br\/blog\/escadas-metalica\/escadas-metalicas-design-e-funcionalidade-em-estruturas-modernas\/\">Escadas met\u00e1licas: design e funcionalidade em estruturas modernas<\/a><\/li>\n<\/ul>\n\n\n\n<div id=\"ez-toc-container\" class=\"ez-toc-v2_0_62 counter-hierarchy ez-toc-counter ez-toc-grey ez-toc-container-direction\">\n<div class=\"ez-toc-title-container\">\n<p class=\"ez-toc-title \" >Table of Contents<\/p>\n<span class=\"ez-toc-title-toggle\"><a href=\"#\" class=\"ez-toc-pull-right ez-toc-btn ez-toc-btn-xs ez-toc-btn-default ez-toc-toggle\" aria-label=\"Toggle Table of Content\"><span class=\"ez-toc-js-icon-con\"><span class=\"\"><span class=\"eztoc-hide\" style=\"display:none;\">Toggle<\/span><span class=\"ez-toc-icon-toggle-span\"><svg style=\"fill: #999;color:#999\" xmlns=\"http:\/\/www.w3.org\/2000\/svg\" class=\"list-377408\" width=\"20px\" height=\"20px\" viewBox=\"0 0 24 24\" fill=\"none\"><path d=\"M6 6H4v2h2V6zm14 0H8v2h12V6zM4 11h2v2H4v-2zm16 0H8v2h12v-2zM4 16h2v2H4v-2zm16 0H8v2h12v-2z\" fill=\"currentColor\"><\/path><\/svg><svg style=\"fill: #999;color:#999\" class=\"arrow-unsorted-368013\" xmlns=\"http:\/\/www.w3.org\/2000\/svg\" width=\"10px\" height=\"10px\" viewBox=\"0 0 24 24\" version=\"1.2\" baseProfile=\"tiny\"><path d=\"M18.2 9.3l-6.2-6.3-6.2 6.3c-.2.2-.3.4-.3.7s.1.5.3.7c.2.2.4.3.7.3h11c.3 0 .5-.1.7-.3.2-.2.3-.5.3-.7s-.1-.5-.3-.7zM5.8 14.7l6.2 6.3 6.2-6.3c.2-.2.3-.5.3-.7s-.1-.5-.3-.7c-.2-.2-.4-.3-.7-.3h-11c-.3 0-.5.1-.7.3-.2.2-.3.5-.3.7s.1.5.3.7z\"\/><\/svg><\/span><\/span><\/span><\/a><\/span><\/div>\n<nav><ul class='ez-toc-list ez-toc-list-level-1 ' ><li class='ez-toc-page-1 ez-toc-heading-level-2'><a class=\"ez-toc-link ez-toc-heading-1\" href=\"https:\/\/www.estruturasalmeida.com.br\/blog\/mezaninos\/mezaninos-metalicos-personalizados-otimizando-espacos-com-estilo-e-praticidade\/#As_aplicacoes_dos_mezaninos_metalicos_personalizados\" title=\"As aplica\u00e7\u00f5es dos mezaninos met\u00e1licos personalizados\">As aplica\u00e7\u00f5es dos mezaninos met\u00e1licos personalizados<\/a><ul class='ez-toc-list-level-3' ><li class='ez-toc-heading-level-3'><a class=\"ez-toc-link ez-toc-heading-2\" href=\"https:\/\/www.estruturasalmeida.com.br\/blog\/mezaninos\/mezaninos-metalicos-personalizados-otimizando-espacos-com-estilo-e-praticidade\/#Residencias\" title=\"Resid\u00eancias\">Resid\u00eancias<\/a><\/li><li class='ez-toc-page-1 ez-toc-heading-level-3'><a class=\"ez-toc-link ez-toc-heading-3\" href=\"https:\/\/www.estruturasalmeida.com.br\/blog\/mezaninos\/mezaninos-metalicos-personalizados-otimizando-espacos-com-estilo-e-praticidade\/#Comercios\" title=\"Com\u00e9rcios\">Com\u00e9rcios<\/a><\/li><li class='ez-toc-page-1 ez-toc-heading-level-3'><a class=\"ez-toc-link ez-toc-heading-4\" href=\"https:\/\/www.estruturasalmeida.com.br\/blog\/mezaninos\/mezaninos-metalicos-personalizados-otimizando-espacos-com-estilo-e-praticidade\/#Industrias\" title=\"Ind\u00fastrias\">Ind\u00fastrias<\/a><\/li><li class='ez-toc-page-1 ez-toc-heading-level-3'><a class=\"ez-toc-link ez-toc-heading-5\" href=\"https:\/\/www.estruturasalmeida.com.br\/blog\/mezaninos\/mezaninos-metalicos-personalizados-otimizando-espacos-com-estilo-e-praticidade\/#Espacos_de_eventos\" title=\"Espa\u00e7os de eventos\">Espa\u00e7os de eventos<\/a><\/li><\/ul><\/li><li class='ez-toc-page-1 ez-toc-heading-level-2'><a class=\"ez-toc-link ez-toc-heading-6\" href=\"https:\/\/www.estruturasalmeida.com.br\/blog\/mezaninos\/mezaninos-metalicos-personalizados-otimizando-espacos-com-estilo-e-praticidade\/#Estruturas_Almeida_a_principal_fabricante_de_mezaninos_metalicos_personalizados\" title=\"Estruturas Almeida: a principal fabricante de mezaninos met\u00e1licos personalizados\">Estruturas Almeida: a principal fabricante de mezaninos met\u00e1licos personalizados<\/a><\/li><\/ul><\/nav><\/div>\n<h2 class=\"wp-block-heading\"><span class=\"ez-toc-section\" id=\"As_aplicacoes_dos_mezaninos_metalicos_personalizados\"><\/span>As aplica\u00e7\u00f5es dos mezaninos met\u00e1licos personalizados<span class=\"ez-toc-section-end\"><\/span><\/h2>\n\n\n\n<p class=\"wp-block-paragraph\">Os mezaninos met\u00e1licos personalizados oferecem uma solu\u00e7\u00e3o vers\u00e1til e eficaz para a otimiza\u00e7\u00e3o de espa\u00e7os em uma variedade de ambientes.<\/p>\n\n\n\n<p class=\"wp-block-paragraph\">Suas aplica\u00e7\u00f5es abrangentes permitem que sejam utilizados de diversas formas, atendendo \u00e0s necessidades espec\u00edficas de cada contexto.<\/p>\n\n\n\n<p class=\"wp-block-paragraph\">Aqui est\u00e3o algumas das principais \u00e1reas onde os mezaninos met\u00e1licos personalizados podem ser empregados:<\/p>\n\n\n\n<h3 class=\"wp-block-heading\"><span class=\"ez-toc-section\" id=\"Residencias\"><\/span>Resid\u00eancias<span class=\"ez-toc-section-end\"><\/span><\/h3>\n\n\n\n<p class=\"wp-block-paragraph\">Em casas e apartamentos, os mezaninos podem ser instalados em espa\u00e7os como salas de estar, proporcionando \u00e1reas adicionais para atividades de lazer, como um espa\u00e7o de leitura ou uma sala de TV \u00edntima.<\/p>\n\n\n\n<p class=\"wp-block-paragraph\">Al\u00e9m disso, s\u00e3o ideais para a cria\u00e7\u00e3o de escrit\u00f3rios dom\u00e9sticos, oferecendo um local separado e tranquilo para o trabalho.<\/p>\n\n\n\n<h3 class=\"wp-block-heading\"><span class=\"ez-toc-section\" id=\"Comercios\"><\/span>Com\u00e9rcios<span class=\"ez-toc-section-end\"><\/span><\/h3>\n\n\n\n<p class=\"wp-block-paragraph\">Lojas e estabelecimentos comerciais podem se beneficiar dos mezaninos como uma forma de maximizar o espa\u00e7o de exposi\u00e7\u00e3o de produtos<\/p>\n\n\n<div class=\"wp-block-image is-style-rounded\">\n<figure class=\"alignright is-resized\"><img loading=\"lazy\" decoding=\"async\" width=\"1000\" height=\"563\" src=\"https:\/\/www.estruturasalmeida.com.br\/blog\/wp-content\/uploads\/2024\/04\/1134.jpg\" alt=\"Mezaninos met\u00e1licos personalizados: otimizando espa\u00e7os com estilo e praticidade\" class=\"wp-image-106\" style=\"width:271px;height:auto\" srcset=\"https:\/\/www.estruturasalmeida.com.br\/blog\/wp-content\/uploads\/2024\/04\/1134.jpg 1000w, https:\/\/www.estruturasalmeida.com.br\/blog\/wp-content\/uploads\/2024\/04\/1134-300x169.jpg 300w, https:\/\/www.estruturasalmeida.com.br\/blog\/wp-content\/uploads\/2024\/04\/1134-768x432.jpg 768w\" sizes=\"auto, (max-width: 1000px) 100vw, 1000px\" \/><\/figure>\n<\/div>\n\n\n<p class=\"wp-block-paragraph\">Eles podem ser utilizados para criar \u00e1reas de exposi\u00e7\u00e3o adicionais, aproveitando o espa\u00e7o vertical dispon\u00edvel.<\/p>\n\n\n\n<p class=\"wp-block-paragraph\">Al\u00e9m disso, os mezaninos podem servir como \u00e1reas de armazenamento, permitindo uma organiza\u00e7\u00e3o mais eficiente dos estoques.<\/p>\n\n\n\n<h3 class=\"wp-block-heading\"><span class=\"ez-toc-section\" id=\"Industrias\"><\/span>Ind\u00fastrias<span class=\"ez-toc-section-end\"><\/span><\/h3>\n\n\n\n<p class=\"wp-block-paragraph\">Em ambientes industriais e de produ\u00e7\u00e3o, os mezaninos s\u00e3o frequentemente utilizados para expandir \u00e1reas de trabalho e armazenamento.<\/p>\n\n\n\n<p class=\"wp-block-paragraph\">Eles permitem a cria\u00e7\u00e3o de espa\u00e7os adicionais sem a necessidade de expandir a infraestrutura f\u00edsica da f\u00e1brica ou do galp\u00e3o.<\/p>\n\n\n\n<p class=\"wp-block-paragraph\">Os mezaninos tamb\u00e9m podem ser empregados para abrigar \u00e1reas administrativas, como escrit\u00f3rios e salas de reuni\u00e3o.<\/p>\n\n\n\n<h3 class=\"wp-block-heading\"><span class=\"ez-toc-section\" id=\"Espacos_de_eventos\"><\/span>Espa\u00e7os de eventos<span class=\"ez-toc-section-end\"><\/span><\/h3>\n\n\n\n<p class=\"wp-block-paragraph\">Em locais como sal\u00f5es de festas e centros de conven\u00e7\u00f5es, os mezaninos podem ser usados para criar \u00e1reas adicionais para acomodar os participantes.<\/p>\n\n\n\n<p class=\"wp-block-paragraph\">Eles oferecem uma maneira eficiente de maximizar a capacidade do espa\u00e7o, permitindo que eventos de diferentes tamanhos sejam realizados com conforto e praticidade.<\/p>\n\n\n\n<p class=\"wp-block-paragraph\">Essas s\u00e3o apenas algumas das muitas aplica\u00e7\u00f5es dos mezaninos met\u00e1licos personalizados. Sua versatilidade e adaptabilidade tornam-nos uma escolha popular para aqueles que buscam maximizar o espa\u00e7o dispon\u00edvel em uma variedade de ambientes.<\/p>\n\n\n\n<ul class=\"wp-block-list\">\n<li><a href=\"https:\/\/www.estruturasalmeida.com.br\/blog\/montagem-industrial\/montagem-industrial-eficiencia-e-qualidade-em-projetos-de-grande-escala\/\">Montagem industrial: efici\u00eancia e qualidade em projetos de grande escala<\/a><\/li>\n<\/ul>\n\n\n\n<h2 class=\"wp-block-heading\"><span class=\"ez-toc-section\" id=\"Estruturas_Almeida_a_principal_fabricante_de_mezaninos_metalicos_personalizados\"><\/span>Estruturas Almeida: a principal fabricante de mezaninos met\u00e1licos personalizados<span class=\"ez-toc-section-end\"><\/span><\/h2>\n\n\n\n<p class=\"wp-block-paragraph\">A <a href=\"https:\/\/www.estruturasalmeida.com.br\/\">Estruturas Almeida<\/a> destaca-se como uma refer\u00eancia na fabrica\u00e7\u00e3o e instala\u00e7\u00e3o de mezaninos met\u00e1licos personalizados.<\/p>\n\n\n\n<p class=\"wp-block-paragraph\">Al\u00e9m da qualidade superior de seus produtos, a empresa se destaca pelo conhecimento de seus funcion\u00e1rios, que est\u00e3o aptos a oferecer solu\u00e7\u00f5es personalizadas de acordo com as necessidades de cada cliente.<\/p>\n\n\n\n<p class=\"wp-block-paragraph\">A instala\u00e7\u00e3o dos mezaninos \u00e9 realizada com efici\u00eancia e profissionalismo, garantindo a satisfa\u00e7\u00e3o e seguran\u00e7a dos clientes.<\/p>\n\n\n\n<p class=\"wp-block-paragraph\">Se voc\u00ea busca otimizar espa\u00e7os com estilo e praticidade, <a href=\"https:\/\/wa.me\/5511947684010\">entre em contato<\/a> com a Estruturas Almeida e descubra como os mezaninos met\u00e1licos personalizados podem transformar o seu ambiente.<\/p>\n\n\n\n<p class=\"wp-block-paragraph\">Acesse nosso <a href=\"https:\/\/www.estruturasalmeida.com.br\/blog\">blog<\/a> para mais dicas e inspira\u00e7\u00f5es sobre design de interiores e solu\u00e7\u00f5es arquitet\u00f4nicas.<\/p>\n","protected":false},"excerpt":{"rendered":"<p><span class=\"rt-reading-time\" style=\"display: block;\"><span class=\"rt-label rt-prefix\">Tempo de leitura<\/span> <span class=\"rt-time\">2<\/span> <span class=\"rt-label rt-postfix\">minutos<\/span><\/span> Aprenda como mezaninos met\u00e1licos personalizados podem otimizar espa\u00e7os com estilo e praticidade, transformando ambientes. No cen\u00e1rio contempor\u00e2neo, a otimiza\u00e7\u00e3o de espa\u00e7os tornou-se uma necessidade cada vez mais premente, impulsionada pelo constante desafio de harmonizar funcionalidade e est\u00e9tica. Nesse contexto, os&#8230;<\/p>\n","protected":false},"author":1,"featured_media":105,"comment_status":"open","ping_status":"open","sticky":false,"template":"","format":"standard","meta":{"footnotes":""},"categories":[50],"tags":[61,762,763,426,761,764,96,782,783,431,781,784,103,786,787,432,785,788,68,766,767,427,765,768,75,770,771,428,769,772,82,774,775,429,773,776,89,778,779,430,777,780,117,790,791,434,789,792,166,215,152,445,159,138,131,447,818,806,830,822,814,802,798,826,834,810,819,807,831,823,815,803,799,827,835,811,795,794,145,439,124,442,438,449,446,441,437,436,448,817,805,829,821,813,801,797,825,833,809,820,808,832,824,816,804,800,828,836,812,796,793,450,440,435,54,758,759,425,757,760],"class_list":["post-104","post","type-post","status-publish","format-standard","has-post-thumbnail","hentry","category-mezaninos","tag-comprar-mezanino","tag-comprar-mezanino-metalico","tag-comprar-mezanino-metalico-personalizado","tag-comprar-mezaninos","tag-comprar-mezaninos-metalicos","tag-comprar-mezaninos-metalicos-personalizado","tag-distribuidor-de-mezanino","tag-distribuidor-de-mezanino-metalico","tag-distribuidor-de-mezanino-metalico-personalizado","tag-distribuidor-de-mezaninos","tag-distribuidor-de-mezaninos-metalicos","tag-distribuidor-de-mezaninos-metalicos-personalizado","tag-distribuidora-de-mezanino","tag-distribuidora-de-mezanino-metalico","tag-distribuidora-de-mezanino-metalico-personalizado","tag-distribuidora-de-mezaninos","tag-distribuidora-de-mezaninos-metalicos","tag-distribuidora-de-mezaninos-metalicos-personalizado","tag-empresa-de-mezanino","tag-empresa-de-mezanino-metalico","tag-empresa-de-mezanino-metalico-personalizado","tag-empresa-de-mezaninos","tag-empresa-de-mezaninos-metalicos","tag-empresa-de-mezaninos-metalicos-personalizado","tag-fabrica-de-mezanino","tag-fabrica-de-mezanino-metalico","tag-fabrica-de-mezanino-metalico-personalizado","tag-fabrica-de-mezaninos","tag-fabrica-de-mezaninos-metalicos","tag-fabrica-de-mezaninos-metalicos-personalizado","tag-fabricante-de-mezanino","tag-fabricante-de-mezanino-metalico","tag-fabricante-de-mezanino-metalico-personalizado","tag-fabricante-de-mezaninos","tag-fabricante-de-mezaninos-metalicos","tag-fabricante-de-mezaninos-metalicos-personalizado","tag-fornecedor-de-mezanino","tag-fornecedor-de-mezanino-metalico","tag-fornecedor-de-mezanino-metalico-personalizado","tag-fornecedor-de-mezaninos","tag-fornecedor-de-mezaninos-metalicos","tag-fornecedor-de-mezaninos-metalicos-personalizado","tag-loja-de-mezanino","tag-loja-de-mezanino-metalico","tag-loja-de-mezanino-metalico-personalizado","tag-loja-de-mezaninos","tag-loja-de-mezaninos-metalicos","tag-loja-de-mezaninos-metalicos-personalizado","tag-mezanino-direto-da-fabrica","tag-mezanino-em-cumbica","tag-mezanino-em-guarulhos","tag-mezanino-em-poa","tag-mezanino-em-promocao","tag-mezanino-em-sao-paulo","tag-mezanino-em-sp","tag-mezanino-em-suzano","tag-mezanino-metalico-direto-da-fabrica","tag-mezanino-metalico-em-cumbica","tag-mezanino-metalico-em-guarulhos","tag-mezanino-metalico-em-poa","tag-mezanino-metalico-em-promocao","tag-mezanino-metalico-em-sao-paulo","tag-mezanino-metalico-em-sp","tag-mezanino-metalico-em-suzano","tag-mezanino-metalico-no-aruja","tag-mezanino-metalico-no-itaim-paulista","tag-mezanino-metalico-personalizado-direto-da-fabrica","tag-mezanino-metalico-personalizado-em-cumbica","tag-mezanino-metalico-personalizado-em-guarulhos","tag-mezanino-metalico-personalizado-em-poa","tag-mezanino-metalico-personalizado-em-promocao","tag-mezanino-metalico-personalizado-em-sao-paulo","tag-mezanino-metalico-personalizado-em-sp","tag-mezanino-metalico-personalizado-em-suzano","tag-mezanino-metalico-personalizado-no-aruja","tag-mezanino-metalico-personalizado-no-itaim-paulista","tag-mezanino-metalico-personalizado-preco","tag-mezanino-metalico-preco","tag-mezanino-no-aruja","tag-mezanino-no-itaim-paulista","tag-mezanino-preco","tag-mezaninos-direto-da-fabrica","tag-mezaninos-em-cumbica","tag-mezaninos-em-guarulhos","tag-mezaninos-em-poa","tag-mezaninos-em-promocao","tag-mezaninos-em-sao-paulo","tag-mezaninos-em-sp","tag-mezaninos-em-suzano","tag-mezaninos-metalicos-direto-da-fabrica","tag-mezaninos-metalicos-em-cumbica","tag-mezaninos-metalicos-em-guarulhos","tag-mezaninos-metalicos-em-poa","tag-mezaninos-metalicos-em-promocao","tag-mezaninos-metalicos-em-sao-paulo","tag-mezaninos-metalicos-em-sp","tag-mezaninos-metalicos-em-suzano","tag-mezaninos-metalicos-no-aruja","tag-mezaninos-metalicos-no-itaim-paulista","tag-mezaninos-metalicos-personalizado-direto-da-fabrica","tag-mezaninos-metalicos-personalizado-em-cumbica","tag-mezaninos-metalicos-personalizado-em-guarulhos","tag-mezaninos-metalicos-personalizado-em-poa","tag-mezaninos-metalicos-personalizado-em-promocao","tag-mezaninos-metalicos-personalizado-em-sao-paulo","tag-mezaninos-metalicos-personalizado-em-sp","tag-mezaninos-metalicos-personalizado-em-suzano","tag-mezaninos-metalicos-personalizado-no-aruja","tag-mezaninos-metalicos-personalizado-no-itaim-paulista","tag-mezaninos-metalicos-personalizado-preco","tag-mezaninos-metalicos-preco","tag-mezaninos-no-aruja","tag-mezaninos-no-itaim-paulista","tag-mezaninos-preco","tag-onde-encontrar-mezanino","tag-onde-encontrar-mezanino-metalico","tag-onde-encontrar-mezanino-metalico-personalizado","tag-onde-encontrar-mezaninos","tag-onde-encontrar-mezaninos-metalicos","tag-onde-encontrar-mezaninos-metalicos-personalizado"],"yoast_head":"<!-- This site is optimized with the Yoast SEO plugin v24.6 - https:\/\/yoast.com\/wordpress\/plugins\/seo\/ -->\n<title>Mezaninos met\u00e1licos personalizados \u2013 Otimize seu espa\u00e7o<\/title>\n<meta name=\"description\" content=\"Aprenda como mezaninos met\u00e1licos personalizados podem otimizar espa\u00e7os com estilo e praticidade, transformando ambientes.\" \/>\n<meta name=\"robots\" content=\"index, follow, max-snippet:-1, max-image-preview:large, max-video-preview:-1\" \/>\n<link rel=\"canonical\" href=\"https:\/\/www.estruturasalmeida.com.br\/blog\/mezaninos\/mezaninos-metalicos-personalizados-otimizando-espacos-com-estilo-e-praticidade\/\" \/>\n<meta property=\"og:locale\" content=\"pt_BR\" \/>\n<meta property=\"og:type\" content=\"article\" \/>\n<meta property=\"og:title\" content=\"Mezaninos met\u00e1licos personalizados \u2013 Otimize seu espa\u00e7o\" \/>\n<meta property=\"og:description\" content=\"Aprenda como mezaninos met\u00e1licos personalizados podem otimizar espa\u00e7os com estilo e praticidade, transformando ambientes.\" \/>\n<meta property=\"og:url\" content=\"https:\/\/www.estruturasalmeida.com.br\/blog\/mezaninos\/mezaninos-metalicos-personalizados-otimizando-espacos-com-estilo-e-praticidade\/\" \/>\n<meta property=\"og:site_name\" content=\"Estruturas Almeida\" \/>\n<meta property=\"article:published_time\" content=\"2024-04-05T18:31:45+00:00\" \/>\n<meta property=\"article:modified_time\" content=\"2025-12-04T19:00:26+00:00\" \/>\n<meta property=\"og:image\" content=\"https:\/\/www.estruturasalmeida.com.br\/blog\/wp-content\/uploads\/2024\/04\/113739.jpg\" \/>\n\t<meta property=\"og:image:width\" content=\"1000\" \/>\n\t<meta property=\"og:image:height\" content=\"560\" \/>\n\t<meta property=\"og:image:type\" content=\"image\/jpeg\" \/>\n<meta name=\"author\" content=\"admin\" \/>\n<meta name=\"twitter:card\" content=\"summary_large_image\" \/>\n<meta name=\"twitter:label1\" content=\"Escrito por\" \/>\n\t<meta name=\"twitter:data1\" content=\"admin\" \/>\n\t<meta name=\"twitter:label2\" content=\"Est. tempo de leitura\" \/>\n\t<meta name=\"twitter:data2\" content=\"4 minutos\" \/>\n<script type=\"application\/ld+json\" class=\"yoast-schema-graph\">{\"@context\":\"https:\/\/schema.org\",\"@graph\":[{\"@type\":\"Article\",\"@id\":\"https:\/\/www.estruturasalmeida.com.br\/blog\/mezaninos\/mezaninos-metalicos-personalizados-otimizando-espacos-com-estilo-e-praticidade\/#article\",\"isPartOf\":{\"@id\":\"https:\/\/www.estruturasalmeida.com.br\/blog\/mezaninos\/mezaninos-metalicos-personalizados-otimizando-espacos-com-estilo-e-praticidade\/\"},\"author\":{\"name\":\"admin\",\"@id\":\"https:\/\/www.estruturasalmeida.com.br\/blog\/#\/schema\/person\/35617c1d632c6b43a0e2e58c3519b8eb\"},\"headline\":\"Mezaninos met\u00e1licos personalizados: otimizando espa\u00e7os com estilo e praticidade\",\"datePublished\":\"2024-04-05T18:31:45+00:00\",\"dateModified\":\"2025-12-04T19:00:26+00:00\",\"mainEntityOfPage\":{\"@id\":\"https:\/\/www.estruturasalmeida.com.br\/blog\/mezaninos\/mezaninos-metalicos-personalizados-otimizando-espacos-com-estilo-e-praticidade\/\"},\"wordCount\":615,\"commentCount\":0,\"publisher\":{\"@id\":\"https:\/\/www.estruturasalmeida.com.br\/blog\/#organization\"},\"image\":{\"@id\":\"https:\/\/www.estruturasalmeida.com.br\/blog\/mezaninos\/mezaninos-metalicos-personalizados-otimizando-espacos-com-estilo-e-praticidade\/#primaryimage\"},\"thumbnailUrl\":\"https:\/\/www.estruturasalmeida.com.br\/blog\/wp-content\/uploads\/2024\/04\/113739.jpg\",\"keywords\":[\"comprar mezanino\",\"comprar mezanino met\u00e1lico\",\"comprar mezanino met\u00e1lico personalizado\",\"comprar mezaninos\",\"comprar mezaninos met\u00e1licos\",\"comprar mezaninos met\u00e1licos personalizado\",\"distribuidor de mezanino\",\"distribuidor de mezanino met\u00e1lico\",\"distribuidor de mezanino met\u00e1lico personalizado\",\"distribuidor de mezaninos\",\"distribuidor de mezaninos met\u00e1licos\",\"distribuidor de mezaninos met\u00e1licos personalizado\",\"distribuidora de mezanino\",\"distribuidora de mezanino met\u00e1lico\",\"distribuidora de mezanino met\u00e1lico personalizado\",\"distribuidora de mezaninos\",\"distribuidora de mezaninos met\u00e1licos\",\"distribuidora de mezaninos met\u00e1licos personalizado\",\"empresa de mezanino\",\"empresa de mezanino met\u00e1lico\",\"empresa de mezanino met\u00e1lico personalizado\",\"empresa de mezaninos\",\"empresa de mezaninos met\u00e1licos\",\"empresa de mezaninos met\u00e1licos personalizado\",\"f\u00e1brica de mezanino\",\"f\u00e1brica de mezanino met\u00e1lico\",\"f\u00e1brica de mezanino met\u00e1lico personalizado\",\"f\u00e1brica de mezaninos\",\"f\u00e1brica de mezaninos met\u00e1licos\",\"f\u00e1brica de mezaninos met\u00e1licos personalizado\",\"fabricante de mezanino\",\"fabricante de mezanino met\u00e1lico\",\"fabricante de mezanino met\u00e1lico personalizado\",\"fabricante de mezaninos\",\"fabricante de mezaninos met\u00e1licos\",\"fabricante de mezaninos met\u00e1licos personalizado\",\"fornecedor de mezanino\",\"fornecedor de mezanino met\u00e1lico\",\"fornecedor de mezanino met\u00e1lico personalizado\",\"fornecedor de mezaninos\",\"fornecedor de mezaninos met\u00e1licos\",\"fornecedor de mezaninos met\u00e1licos personalizado\",\"loja de mezanino\",\"loja de mezanino met\u00e1lico\",\"loja de mezanino met\u00e1lico personalizado\",\"loja de mezaninos\",\"loja de mezaninos met\u00e1licos\",\"loja de mezaninos met\u00e1licos personalizado\",\"mezanino direto da fabrica\",\"mezanino em cumbica\",\"mezanino em guarulhos\",\"mezanino em po\u00e1\",\"mezanino em promo\u00e7\u00e3o\",\"mezanino em s\u00e3o paulo\",\"mezanino em sp\",\"mezanino em suzano\",\"mezanino met\u00e1lico direto da fabrica\",\"mezanino met\u00e1lico em cumbica\",\"mezanino met\u00e1lico em guarulhos\",\"mezanino met\u00e1lico em po\u00e1\",\"mezanino met\u00e1lico em promo\u00e7\u00e3o\",\"mezanino met\u00e1lico em s\u00e3o paulo\",\"mezanino met\u00e1lico em sp\",\"mezanino met\u00e1lico em suzano\",\"mezanino met\u00e1lico no aruj\u00e1\",\"mezanino met\u00e1lico no itaim paulista\",\"mezanino met\u00e1lico personalizado direto da fabrica\",\"mezanino met\u00e1lico personalizado em cumbica\",\"mezanino met\u00e1lico personalizado em guarulhos\",\"mezanino met\u00e1lico personalizado em po\u00e1\",\"mezanino met\u00e1lico personalizado em promo\u00e7\u00e3o\",\"mezanino met\u00e1lico personalizado em s\u00e3o paulo\",\"mezanino met\u00e1lico personalizado em sp\",\"mezanino met\u00e1lico personalizado em suzano\",\"mezanino met\u00e1lico personalizado no aruj\u00e1\",\"mezanino met\u00e1lico personalizado no itaim paulista\",\"mezanino met\u00e1lico personalizado pre\u00e7o\",\"mezanino met\u00e1lico pre\u00e7o\",\"mezanino no aruj\u00e1\",\"mezanino no itaim paulista\",\"mezanino pre\u00e7o\",\"mezaninos direto da fabrica\",\"mezaninos em cumbica\",\"mezaninos em guarulhos\",\"mezaninos em po\u00e1\",\"mezaninos em promo\u00e7\u00e3o\",\"mezaninos em s\u00e3o paulo\",\"mezaninos em sp\",\"mezaninos em suzano\",\"mezaninos met\u00e1licos direto da fabrica\",\"mezaninos met\u00e1licos em cumbica\",\"mezaninos met\u00e1licos em guarulhos\",\"mezaninos met\u00e1licos em po\u00e1\",\"mezaninos met\u00e1licos em promo\u00e7\u00e3o\",\"mezaninos met\u00e1licos em s\u00e3o paulo\",\"mezaninos met\u00e1licos em sp\",\"mezaninos met\u00e1licos em suzano\",\"mezaninos met\u00e1licos no aruj\u00e1\",\"mezaninos met\u00e1licos no itaim paulista\",\"mezaninos met\u00e1licos personalizado direto da fabrica\",\"mezaninos met\u00e1licos personalizado em cumbica\",\"mezaninos met\u00e1licos personalizado em guarulhos\",\"mezaninos met\u00e1licos personalizado em po\u00e1\",\"mezaninos met\u00e1licos personalizado em promo\u00e7\u00e3o\",\"mezaninos met\u00e1licos personalizado em s\u00e3o paulo\",\"mezaninos met\u00e1licos personalizado em sp\",\"mezaninos met\u00e1licos personalizado em suzano\",\"mezaninos met\u00e1licos personalizado no aruj\u00e1\",\"mezaninos met\u00e1licos personalizado no itaim paulista\",\"mezaninos met\u00e1licos personalizado pre\u00e7o\",\"mezaninos met\u00e1licos pre\u00e7o\",\"mezaninos no aruj\u00e1\",\"mezaninos no itaim paulista\",\"mezaninos pre\u00e7o\",\"onde encontrar mezanino\",\"onde encontrar mezanino met\u00e1lico\",\"onde encontrar mezanino met\u00e1lico personalizado\",\"onde encontrar mezaninos\",\"onde encontrar mezaninos met\u00e1licos\",\"onde encontrar mezaninos met\u00e1licos personalizado\"],\"articleSection\":[\"Mezaninos\"],\"inLanguage\":\"pt-BR\",\"potentialAction\":[{\"@type\":\"CommentAction\",\"name\":\"Comment\",\"target\":[\"https:\/\/www.estruturasalmeida.com.br\/blog\/mezaninos\/mezaninos-metalicos-personalizados-otimizando-espacos-com-estilo-e-praticidade\/#respond\"]}]},{\"@type\":\"WebPage\",\"@id\":\"https:\/\/www.estruturasalmeida.com.br\/blog\/mezaninos\/mezaninos-metalicos-personalizados-otimizando-espacos-com-estilo-e-praticidade\/\",\"url\":\"https:\/\/www.estruturasalmeida.com.br\/blog\/mezaninos\/mezaninos-metalicos-personalizados-otimizando-espacos-com-estilo-e-praticidade\/\",\"name\":\"Mezaninos met\u00e1licos personalizados \u2013 Otimize seu espa\u00e7o\",\"isPartOf\":{\"@id\":\"https:\/\/www.estruturasalmeida.com.br\/blog\/#website\"},\"primaryImageOfPage\":{\"@id\":\"https:\/\/www.estruturasalmeida.com.br\/blog\/mezaninos\/mezaninos-metalicos-personalizados-otimizando-espacos-com-estilo-e-praticidade\/#primaryimage\"},\"image\":{\"@id\":\"https:\/\/www.estruturasalmeida.com.br\/blog\/mezaninos\/mezaninos-metalicos-personalizados-otimizando-espacos-com-estilo-e-praticidade\/#primaryimage\"},\"thumbnailUrl\":\"https:\/\/www.estruturasalmeida.com.br\/blog\/wp-content\/uploads\/2024\/04\/113739.jpg\",\"datePublished\":\"2024-04-05T18:31:45+00:00\",\"dateModified\":\"2025-12-04T19:00:26+00:00\",\"description\":\"Aprenda como mezaninos met\u00e1licos personalizados podem otimizar espa\u00e7os com estilo e praticidade, transformando ambientes.\",\"breadcrumb\":{\"@id\":\"https:\/\/www.estruturasalmeida.com.br\/blog\/mezaninos\/mezaninos-metalicos-personalizados-otimizando-espacos-com-estilo-e-praticidade\/#breadcrumb\"},\"inLanguage\":\"pt-BR\",\"potentialAction\":[{\"@type\":\"ReadAction\",\"target\":[\"https:\/\/www.estruturasalmeida.com.br\/blog\/mezaninos\/mezaninos-metalicos-personalizados-otimizando-espacos-com-estilo-e-praticidade\/\"]}]},{\"@type\":\"ImageObject\",\"inLanguage\":\"pt-BR\",\"@id\":\"https:\/\/www.estruturasalmeida.com.br\/blog\/mezaninos\/mezaninos-metalicos-personalizados-otimizando-espacos-com-estilo-e-praticidade\/#primaryimage\",\"url\":\"https:\/\/www.estruturasalmeida.com.br\/blog\/wp-content\/uploads\/2024\/04\/113739.jpg\",\"contentUrl\":\"https:\/\/www.estruturasalmeida.com.br\/blog\/wp-content\/uploads\/2024\/04\/113739.jpg\",\"width\":1000,\"height\":560,\"caption\":\"Mezaninos met\u00e1licos personalizados: otimizando espa\u00e7os com estilo e praticidade\"},{\"@type\":\"BreadcrumbList\",\"@id\":\"https:\/\/www.estruturasalmeida.com.br\/blog\/mezaninos\/mezaninos-metalicos-personalizados-otimizando-espacos-com-estilo-e-praticidade\/#breadcrumb\",\"itemListElement\":[{\"@type\":\"ListItem\",\"position\":1,\"name\":\"In\u00edcio\",\"item\":\"https:\/\/www.estruturasalmeida.com.br\/blog\/\"},{\"@type\":\"ListItem\",\"position\":2,\"name\":\"Mezaninos met\u00e1licos personalizados: otimizando espa\u00e7os com estilo e praticidade\"}]},{\"@type\":\"WebSite\",\"@id\":\"https:\/\/www.estruturasalmeida.com.br\/blog\/#website\",\"url\":\"https:\/\/www.estruturasalmeida.com.br\/blog\/\",\"name\":\"Estruturas Almeida\",\"description\":\"\",\"publisher\":{\"@id\":\"https:\/\/www.estruturasalmeida.com.br\/blog\/#organization\"},\"potentialAction\":[{\"@type\":\"SearchAction\",\"target\":{\"@type\":\"EntryPoint\",\"urlTemplate\":\"https:\/\/www.estruturasalmeida.com.br\/blog\/?s={search_term_string}\"},\"query-input\":{\"@type\":\"PropertyValueSpecification\",\"valueRequired\":true,\"valueName\":\"search_term_string\"}}],\"inLanguage\":\"pt-BR\"},{\"@type\":\"Organization\",\"@id\":\"https:\/\/www.estruturasalmeida.com.br\/blog\/#organization\",\"name\":\"Estruturas Almeida\",\"url\":\"https:\/\/www.estruturasalmeida.com.br\/blog\/\",\"logo\":{\"@type\":\"ImageObject\",\"inLanguage\":\"pt-BR\",\"@id\":\"https:\/\/www.estruturasalmeida.com.br\/blog\/#\/schema\/logo\/image\/\",\"url\":\"https:\/\/www.estruturasalmeida.com.br\/blog\/wp-content\/uploads\/2023\/08\/logo.png\",\"contentUrl\":\"https:\/\/www.estruturasalmeida.com.br\/blog\/wp-content\/uploads\/2023\/08\/logo.png\",\"width\":144,\"height\":38,\"caption\":\"Estruturas Almeida\"},\"image\":{\"@id\":\"https:\/\/www.estruturasalmeida.com.br\/blog\/#\/schema\/logo\/image\/\"}},{\"@type\":\"Person\",\"@id\":\"https:\/\/www.estruturasalmeida.com.br\/blog\/#\/schema\/person\/35617c1d632c6b43a0e2e58c3519b8eb\",\"name\":\"admin\",\"image\":{\"@type\":\"ImageObject\",\"inLanguage\":\"pt-BR\",\"@id\":\"https:\/\/www.estruturasalmeida.com.br\/blog\/#\/schema\/person\/image\/\",\"url\":\"https:\/\/secure.gravatar.com\/avatar\/3813f53848958b8842eeafda91666185a90010f65ed554379b78794cde6f234a?s=96&d=mm&r=g\",\"contentUrl\":\"https:\/\/secure.gravatar.com\/avatar\/3813f53848958b8842eeafda91666185a90010f65ed554379b78794cde6f234a?s=96&d=mm&r=g\",\"caption\":\"admin\"},\"sameAs\":[\"https:\/\/www.estruturasalmeida.com.br\/blog\"],\"url\":\"https:\/\/www.estruturasalmeida.com.br\/blog\/author\/admin\/\"}]}<\/script>\n<!-- \/ Yoast SEO plugin. -->","yoast_head_json":{"title":"Mezaninos met\u00e1licos personalizados \u2013 Otimize seu espa\u00e7o","description":"Aprenda como mezaninos met\u00e1licos personalizados podem otimizar espa\u00e7os com estilo e praticidade, transformando ambientes.","robots":{"index":"index","follow":"follow","max-snippet":"max-snippet:-1","max-image-preview":"max-image-preview:large","max-video-preview":"max-video-preview:-1"},"canonical":"https:\/\/www.estruturasalmeida.com.br\/blog\/mezaninos\/mezaninos-metalicos-personalizados-otimizando-espacos-com-estilo-e-praticidade\/","og_locale":"pt_BR","og_type":"article","og_title":"Mezaninos met\u00e1licos personalizados \u2013 Otimize seu espa\u00e7o","og_description":"Aprenda como mezaninos met\u00e1licos personalizados podem otimizar espa\u00e7os com estilo e praticidade, transformando ambientes.","og_url":"https:\/\/www.estruturasalmeida.com.br\/blog\/mezaninos\/mezaninos-metalicos-personalizados-otimizando-espacos-com-estilo-e-praticidade\/","og_site_name":"Estruturas Almeida","article_published_time":"2024-04-05T18:31:45+00:00","article_modified_time":"2025-12-04T19:00:26+00:00","og_image":[{"width":1000,"height":560,"url":"https:\/\/www.estruturasalmeida.com.br\/blog\/wp-content\/uploads\/2024\/04\/113739.jpg","type":"image\/jpeg"}],"author":"admin","twitter_card":"summary_large_image","twitter_misc":{"Escrito por":"admin","Est. tempo de leitura":"4 minutos"},"schema":{"@context":"https:\/\/schema.org","@graph":[{"@type":"Article","@id":"https:\/\/www.estruturasalmeida.com.br\/blog\/mezaninos\/mezaninos-metalicos-personalizados-otimizando-espacos-com-estilo-e-praticidade\/#article","isPartOf":{"@id":"https:\/\/www.estruturasalmeida.com.br\/blog\/mezaninos\/mezaninos-metalicos-personalizados-otimizando-espacos-com-estilo-e-praticidade\/"},"author":{"name":"admin","@id":"https:\/\/www.estruturasalmeida.com.br\/blog\/#\/schema\/person\/35617c1d632c6b43a0e2e58c3519b8eb"},"headline":"Mezaninos met\u00e1licos personalizados: otimizando espa\u00e7os com estilo e praticidade","datePublished":"2024-04-05T18:31:45+00:00","dateModified":"2025-12-04T19:00:26+00:00","mainEntityOfPage":{"@id":"https:\/\/www.estruturasalmeida.com.br\/blog\/mezaninos\/mezaninos-metalicos-personalizados-otimizando-espacos-com-estilo-e-praticidade\/"},"wordCount":615,"commentCount":0,"publisher":{"@id":"https:\/\/www.estruturasalmeida.com.br\/blog\/#organization"},"image":{"@id":"https:\/\/www.estruturasalmeida.com.br\/blog\/mezaninos\/mezaninos-metalicos-personalizados-otimizando-espacos-com-estilo-e-praticidade\/#primaryimage"},"thumbnailUrl":"https:\/\/www.estruturasalmeida.com.br\/blog\/wp-content\/uploads\/2024\/04\/113739.jpg","keywords":["comprar mezanino","comprar mezanino met\u00e1lico","comprar mezanino met\u00e1lico personalizado","comprar mezaninos","comprar mezaninos met\u00e1licos","comprar mezaninos met\u00e1licos personalizado","distribuidor de mezanino","distribuidor de mezanino met\u00e1lico","distribuidor de mezanino met\u00e1lico personalizado","distribuidor de mezaninos","distribuidor de mezaninos met\u00e1licos","distribuidor de mezaninos met\u00e1licos personalizado","distribuidora de mezanino","distribuidora de mezanino met\u00e1lico","distribuidora de mezanino met\u00e1lico personalizado","distribuidora de mezaninos","distribuidora de mezaninos met\u00e1licos","distribuidora de mezaninos met\u00e1licos personalizado","empresa de mezanino","empresa de mezanino met\u00e1lico","empresa de mezanino met\u00e1lico personalizado","empresa de mezaninos","empresa de mezaninos met\u00e1licos","empresa de mezaninos met\u00e1licos personalizado","f\u00e1brica de mezanino","f\u00e1brica de mezanino met\u00e1lico","f\u00e1brica de mezanino met\u00e1lico personalizado","f\u00e1brica de mezaninos","f\u00e1brica de mezaninos met\u00e1licos","f\u00e1brica de mezaninos met\u00e1licos personalizado","fabricante de mezanino","fabricante de mezanino met\u00e1lico","fabricante de mezanino met\u00e1lico personalizado","fabricante de mezaninos","fabricante de mezaninos met\u00e1licos","fabricante de mezaninos met\u00e1licos personalizado","fornecedor de mezanino","fornecedor de mezanino met\u00e1lico","fornecedor de mezanino met\u00e1lico personalizado","fornecedor de mezaninos","fornecedor de mezaninos met\u00e1licos","fornecedor de mezaninos met\u00e1licos personalizado","loja de mezanino","loja de mezanino met\u00e1lico","loja de mezanino met\u00e1lico personalizado","loja de mezaninos","loja de mezaninos met\u00e1licos","loja de mezaninos met\u00e1licos personalizado","mezanino direto da fabrica","mezanino em cumbica","mezanino em guarulhos","mezanino em po\u00e1","mezanino em promo\u00e7\u00e3o","mezanino em s\u00e3o paulo","mezanino em sp","mezanino em suzano","mezanino met\u00e1lico direto da fabrica","mezanino met\u00e1lico em cumbica","mezanino met\u00e1lico em guarulhos","mezanino met\u00e1lico em po\u00e1","mezanino met\u00e1lico em promo\u00e7\u00e3o","mezanino met\u00e1lico em s\u00e3o paulo","mezanino met\u00e1lico em sp","mezanino met\u00e1lico em suzano","mezanino met\u00e1lico no aruj\u00e1","mezanino met\u00e1lico no itaim paulista","mezanino met\u00e1lico personalizado direto da fabrica","mezanino met\u00e1lico personalizado em cumbica","mezanino met\u00e1lico personalizado em guarulhos","mezanino met\u00e1lico personalizado em po\u00e1","mezanino met\u00e1lico personalizado em promo\u00e7\u00e3o","mezanino met\u00e1lico personalizado em s\u00e3o paulo","mezanino met\u00e1lico personalizado em sp","mezanino met\u00e1lico personalizado em suzano","mezanino met\u00e1lico personalizado no aruj\u00e1","mezanino met\u00e1lico personalizado no itaim paulista","mezanino met\u00e1lico personalizado pre\u00e7o","mezanino met\u00e1lico pre\u00e7o","mezanino no aruj\u00e1","mezanino no itaim paulista","mezanino pre\u00e7o","mezaninos direto da fabrica","mezaninos em cumbica","mezaninos em guarulhos","mezaninos em po\u00e1","mezaninos em promo\u00e7\u00e3o","mezaninos em s\u00e3o paulo","mezaninos em sp","mezaninos em suzano","mezaninos met\u00e1licos direto da fabrica","mezaninos met\u00e1licos em cumbica","mezaninos met\u00e1licos em guarulhos","mezaninos met\u00e1licos em po\u00e1","mezaninos met\u00e1licos em promo\u00e7\u00e3o","mezaninos met\u00e1licos em s\u00e3o paulo","mezaninos met\u00e1licos em sp","mezaninos met\u00e1licos em suzano","mezaninos met\u00e1licos no aruj\u00e1","mezaninos met\u00e1licos no itaim paulista","mezaninos met\u00e1licos personalizado direto da fabrica","mezaninos met\u00e1licos personalizado em cumbica","mezaninos met\u00e1licos personalizado em guarulhos","mezaninos met\u00e1licos personalizado em po\u00e1","mezaninos met\u00e1licos personalizado em promo\u00e7\u00e3o","mezaninos met\u00e1licos personalizado em s\u00e3o paulo","mezaninos met\u00e1licos personalizado em sp","mezaninos met\u00e1licos personalizado em suzano","mezaninos met\u00e1licos personalizado no aruj\u00e1","mezaninos met\u00e1licos personalizado no itaim paulista","mezaninos met\u00e1licos personalizado pre\u00e7o","mezaninos met\u00e1licos pre\u00e7o","mezaninos no aruj\u00e1","mezaninos no itaim paulista","mezaninos pre\u00e7o","onde encontrar mezanino","onde encontrar mezanino met\u00e1lico","onde encontrar mezanino met\u00e1lico personalizado","onde encontrar mezaninos","onde encontrar mezaninos met\u00e1licos","onde encontrar mezaninos met\u00e1licos personalizado"],"articleSection":["Mezaninos"],"inLanguage":"pt-BR","potentialAction":[{"@type":"CommentAction","name":"Comment","target":["https:\/\/www.estruturasalmeida.com.br\/blog\/mezaninos\/mezaninos-metalicos-personalizados-otimizando-espacos-com-estilo-e-praticidade\/#respond"]}]},{"@type":"WebPage","@id":"https:\/\/www.estruturasalmeida.com.br\/blog\/mezaninos\/mezaninos-metalicos-personalizados-otimizando-espacos-com-estilo-e-praticidade\/","url":"https:\/\/www.estruturasalmeida.com.br\/blog\/mezaninos\/mezaninos-metalicos-personalizados-otimizando-espacos-com-estilo-e-praticidade\/","name":"Mezaninos met\u00e1licos personalizados \u2013 Otimize seu espa\u00e7o","isPartOf":{"@id":"https:\/\/www.estruturasalmeida.com.br\/blog\/#website"},"primaryImageOfPage":{"@id":"https:\/\/www.estruturasalmeida.com.br\/blog\/mezaninos\/mezaninos-metalicos-personalizados-otimizando-espacos-com-estilo-e-praticidade\/#primaryimage"},"image":{"@id":"https:\/\/www.estruturasalmeida.com.br\/blog\/mezaninos\/mezaninos-metalicos-personalizados-otimizando-espacos-com-estilo-e-praticidade\/#primaryimage"},"thumbnailUrl":"https:\/\/www.estruturasalmeida.com.br\/blog\/wp-content\/uploads\/2024\/04\/113739.jpg","datePublished":"2024-04-05T18:31:45+00:00","dateModified":"2025-12-04T19:00:26+00:00","description":"Aprenda como mezaninos met\u00e1licos personalizados podem otimizar espa\u00e7os com estilo e praticidade, transformando ambientes.","breadcrumb":{"@id":"https:\/\/www.estruturasalmeida.com.br\/blog\/mezaninos\/mezaninos-metalicos-personalizados-otimizando-espacos-com-estilo-e-praticidade\/#breadcrumb"},"inLanguage":"pt-BR","potentialAction":[{"@type":"ReadAction","target":["https:\/\/www.estruturasalmeida.com.br\/blog\/mezaninos\/mezaninos-metalicos-personalizados-otimizando-espacos-com-estilo-e-praticidade\/"]}]},{"@type":"ImageObject","inLanguage":"pt-BR","@id":"https:\/\/www.estruturasalmeida.com.br\/blog\/mezaninos\/mezaninos-metalicos-personalizados-otimizando-espacos-com-estilo-e-praticidade\/#primaryimage","url":"https:\/\/www.estruturasalmeida.com.br\/blog\/wp-content\/uploads\/2024\/04\/113739.jpg","contentUrl":"https:\/\/www.estruturasalmeida.com.br\/blog\/wp-content\/uploads\/2024\/04\/113739.jpg","width":1000,"height":560,"caption":"Mezaninos met\u00e1licos personalizados: otimizando espa\u00e7os com estilo e praticidade"},{"@type":"BreadcrumbList","@id":"https:\/\/www.estruturasalmeida.com.br\/blog\/mezaninos\/mezaninos-metalicos-personalizados-otimizando-espacos-com-estilo-e-praticidade\/#breadcrumb","itemListElement":[{"@type":"ListItem","position":1,"name":"In\u00edcio","item":"https:\/\/www.estruturasalmeida.com.br\/blog\/"},{"@type":"ListItem","position":2,"name":"Mezaninos met\u00e1licos personalizados: otimizando espa\u00e7os com estilo e praticidade"}]},{"@type":"WebSite","@id":"https:\/\/www.estruturasalmeida.com.br\/blog\/#website","url":"https:\/\/www.estruturasalmeida.com.br\/blog\/","name":"Estruturas Almeida","description":"","publisher":{"@id":"https:\/\/www.estruturasalmeida.com.br\/blog\/#organization"},"potentialAction":[{"@type":"SearchAction","target":{"@type":"EntryPoint","urlTemplate":"https:\/\/www.estruturasalmeida.com.br\/blog\/?s={search_term_string}"},"query-input":{"@type":"PropertyValueSpecification","valueRequired":true,"valueName":"search_term_string"}}],"inLanguage":"pt-BR"},{"@type":"Organization","@id":"https:\/\/www.estruturasalmeida.com.br\/blog\/#organization","name":"Estruturas Almeida","url":"https:\/\/www.estruturasalmeida.com.br\/blog\/","logo":{"@type":"ImageObject","inLanguage":"pt-BR","@id":"https:\/\/www.estruturasalmeida.com.br\/blog\/#\/schema\/logo\/image\/","url":"https:\/\/www.estruturasalmeida.com.br\/blog\/wp-content\/uploads\/2023\/08\/logo.png","contentUrl":"https:\/\/www.estruturasalmeida.com.br\/blog\/wp-content\/uploads\/2023\/08\/logo.png","width":144,"height":38,"caption":"Estruturas Almeida"},"image":{"@id":"https:\/\/www.estruturasalmeida.com.br\/blog\/#\/schema\/logo\/image\/"}},{"@type":"Person","@id":"https:\/\/www.estruturasalmeida.com.br\/blog\/#\/schema\/person\/35617c1d632c6b43a0e2e58c3519b8eb","name":"admin","image":{"@type":"ImageObject","inLanguage":"pt-BR","@id":"https:\/\/www.estruturasalmeida.com.br\/blog\/#\/schema\/person\/image\/","url":"https:\/\/secure.gravatar.com\/avatar\/3813f53848958b8842eeafda91666185a90010f65ed554379b78794cde6f234a?s=96&d=mm&r=g","contentUrl":"https:\/\/secure.gravatar.com\/avatar\/3813f53848958b8842eeafda91666185a90010f65ed554379b78794cde6f234a?s=96&d=mm&r=g","caption":"admin"},"sameAs":["https:\/\/www.estruturasalmeida.com.br\/blog"],"url":"https:\/\/www.estruturasalmeida.com.br\/blog\/author\/admin\/"}]}},"_links":{"self":[{"href":"https:\/\/www.estruturasalmeida.com.br\/blog\/wp-json\/wp\/v2\/posts\/104","targetHints":{"allow":["GET"]}}],"collection":[{"href":"https:\/\/www.estruturasalmeida.com.br\/blog\/wp-json\/wp\/v2\/posts"}],"about":[{"href":"https:\/\/www.estruturasalmeida.com.br\/blog\/wp-json\/wp\/v2\/types\/post"}],"author":[{"embeddable":true,"href":"https:\/\/www.estruturasalmeida.com.br\/blog\/wp-json\/wp\/v2\/users\/1"}],"replies":[{"embeddable":true,"href":"https:\/\/www.estruturasalmeida.com.br\/blog\/wp-json\/wp\/v2\/comments?post=104"}],"version-history":[{"count":1,"href":"https:\/\/www.estruturasalmeida.com.br\/blog\/wp-json\/wp\/v2\/posts\/104\/revisions"}],"predecessor-version":[{"id":107,"href":"https:\/\/www.estruturasalmeida.com.br\/blog\/wp-json\/wp\/v2\/posts\/104\/revisions\/107"}],"wp:featuredmedia":[{"embeddable":true,"href":"https:\/\/www.estruturasalmeida.com.br\/blog\/wp-json\/wp\/v2\/media\/105"}],"wp:attachment":[{"href":"https:\/\/www.estruturasalmeida.com.br\/blog\/wp-json\/wp\/v2\/media?parent=104"}],"wp:term":[{"taxonomy":"category","embeddable":true,"href":"https:\/\/www.estruturasalmeida.com.br\/blog\/wp-json\/wp\/v2\/categories?post=104"},{"taxonomy":"post_tag","embeddable":true,"href":"https:\/\/www.estruturasalmeida.com.br\/blog\/wp-json\/wp\/v2\/tags?post=104"}],"curies":[{"name":"wp","href":"https:\/\/api.w.org\/{rel}","templated":true}]}}